{"id":3722,"date":"2026-05-26T21:07:43","date_gmt":"2026-05-26T21:07:43","guid":{"rendered":"https:\/\/communicareassessoria.com.br\/imprensa\/?p=3722"},"modified":"2026-05-26T21:08:58","modified_gmt":"2026-05-26T21:08:58","slug":"em-pinda-mostra-coletiva-sementes-de-ontem-para-cultivar-o-amanha-apresenta-projetos-desenvolvidos-na-residencia-artistica-estufa-de-futuros","status":"publish","type":"post","link":"https:\/\/communicareassessoria.com.br\/imprensa\/em-pinda-mostra-coletiva-sementes-de-ontem-para-cultivar-o-amanha-apresenta-projetos-desenvolvidos-na-residencia-artistica-estufa-de-futuros\/","title":{"rendered":"Em Pinda, mostra coletiva &#8220;Sementes de Ontem para Cultivar o Amanh\u00e3&#8221; apresenta projetos desenvolvidos na resid\u00eancia art\u00edstica Estufa de Futuros"},"content":{"rendered":"\t\t<div data-elementor-type=\"wp-post\" data-elementor-id=\"3722\" class=\"elementor elementor-3722\">\n\t\t\t\t<div class=\"elementor-element elementor-element-bb54d89 e-flex e-con-boxed wpr-particle-no wpr-jarallax-no wpr-parallax-no wpr-sticky-section-no wpr-column-slider-no wpr-equal-height-no e-con e-parent\" data-id=\"bb54d89\" data-element_type=\"container\" data-e-type=\"container\">\n\t\t\t\t\t<div class=\"e-con-inner\">\n\t\t\t\t<div class=\"elementor-element elementor-element-ac324b5 elementor-widget elementor-widget-text-editor\" data-id=\"ac324b5\" data-element_type=\"widget\" data-e-type=\"widget\" data-widget_type=\"text-editor.default\">\n\t\t\t\t\t\t\t\t\t<p style=\"text-align: justify;\"><span style=\"font-size: 11.0pt; font-family: 'Arial',sans-serif;\">No pr\u00f3ximo s\u00e1bado (30), a Casa Patch\u00f4 recebe a mostra coletiva \u201cSementes de Ontem para Cultivar o Amanh\u00e3\u201d, encontro que marca a partilha p\u00fablica dos processos criativos desenvolvidos por artistas residentes durante o m\u00f3dulo de Incuba\u00e7\u00e3o de \u201cProjetos da Estufa de Futuros \u2013 Modos de produ\u00e7\u00e3o, gest\u00e3o e conv\u00edvios na cena contempor\u00e2nea\u201d, realizado pela AFLORAR CULTURA sob mentoria e coordena\u00e7\u00e3o da atriz e produtora cultural Cynthia Margareth.<\/span><\/p><p style=\"text-align: justify;\"><span style=\"font-size: 11.0pt; font-family: 'Arial',sans-serif;\">Entre fevereiro e maio de 2026, 13 artistas participaram de uma jornada de cria\u00e7\u00e3o, troca e desenvolvimento de projetos no espa\u00e7o f\u00edsico e virtual da Casa Patch\u00f4, dentro da proposta da Casa de Criar como territ\u00f3rio de forma\u00e7\u00e3o, experimenta\u00e7\u00e3o e fomento \u00e0s produ\u00e7\u00f5es independentes. \u201cA Estufa de Futuros tem sido um laborat\u00f3rio de modos de cria\u00e7\u00e3o, onde temos visto como artistas de lugares diferentes, alguns at\u00e9 do mesmo lugar, e de linguagens art\u00edsticas distintas, com hist\u00f3rias diversas, podem, de alguma maneira, contribuir com o trabalho uns dos outros\u201d, afirma uma das participantes do projeto, <strong><span style=\"font-family: 'Arial',sans-serif;\">Guerra<\/span><\/strong>, artista do Teatro e da Poesia. \u201cTemos analisado outras formas de olhar para os processos de cria\u00e7\u00e3o, trazendo-os para um campo mais org\u00e2nico, buscando entender como estruturar esses modos de cria\u00e7\u00e3o a partir dos elementos da natureza. Ent\u00e3o, a Estufa de Futuros tem sido, literalmente, uma estufa onde estamos semeando frutos que esperamos colher em breve. Tem sido muito importante estar com esse pessoal.\u201d<\/span><\/p><p style=\"text-align: justify;\"><strong><span style=\"font-size: 11.0pt; font-family: 'Arial',sans-serif;\">Mais sobre a mostra<\/span><\/strong><\/p><p style=\"text-align: justify;\"><span style=\"font-size: 11.0pt; font-family: 'Arial',sans-serif;\">A mostra re\u00fane trabalhos em diferentes linguagens \u2014 entre artes c\u00eanicas, performance, m\u00fasica, arte-educa\u00e7\u00e3o, artes visuais, audiovisual e ativismo \u2014 revelando processos atravessados por mem\u00f3ria, territ\u00f3rio, sensibilidade, transforma\u00e7\u00e3o social e imagina\u00e7\u00e3o coletiva.<\/span><\/p><p style=\"text-align: justify;\"><span style=\"font-size: 11.0pt; font-family: 'Arial',sans-serif;\">As apresenta\u00e7\u00f5es ser\u00e3o organizadas em quatro blocos tem\u00e1ticos inspirados nos elementos da natureza. O bloco Terra abre a programa\u00e7\u00e3o com projetos ligados ao enraizamento, ancestralidade e cuidado. \u00c1gua conduz trabalhos voltados \u00e0 escuta, emo\u00e7\u00e3o e travessias internas. Fogo re\u00fane propostas marcadas por pot\u00eancia c\u00eanica, den\u00fancia e transforma\u00e7\u00e3o, enquanto Ar encerra a noite com experi\u00eancias relacionadas \u00e0 comunica\u00e7\u00e3o, expans\u00e3o e deslocamento de pensamento.<\/span><\/p><p style=\"text-align: justify;\"><span style=\"font-size: 11.0pt; font-family: 'Arial',sans-serif;\">Mais do que uma mostra art\u00edstica, \u201cSementes de Ontem para Cultivar o Amanh\u00e3\u201d celebra processos coletivos de cria\u00e7\u00e3o e fortalece redes de produ\u00e7\u00e3o cultural independente no Vale do Para\u00edba, afirmando a arte como espa\u00e7o de encontro, conviv\u00eancia e constru\u00e7\u00e3o de futuros poss\u00edveis.<\/span><\/p><p style=\"text-align: justify;\"><strong><span style=\"font-size: 11.0pt; font-family: 'Arial',sans-serif;\">Servi\u00e7o:<\/span><\/strong><\/p><p style=\"text-align: justify;\"><strong><span style=\"font-size: 11.0pt; font-family: 'Arial',sans-serif;\">Data: <\/span><\/strong><span style=\"font-size: 11.0pt; font-family: 'Arial',sans-serif;\">30\/05\/2026<br \/><strong><span style=\"font-family: 'Arial',sans-serif;\">Local: <\/span><\/strong>Casa Patch\u00f4<br \/><strong><span style=\"font-family: 'Arial',sans-serif;\">Hor\u00e1rio: <\/span><\/strong>16:00 \u00e0s 22:00<\/span><\/p><p style=\"text-align: justify;\"><span style=\"font-size: 11.0pt; font-family: 'Arial',sans-serif;\">Para os interessados em conhecer e acompanhar as atividades, a Casa Patch\u00f4 fica na Rua Ign\u00e1cio Henrique Romeiro, 16, no bairro Ch\u00e1cara Galega, em Pindamonhangaba. A programa\u00e7\u00e3o completa do projeto \u201cPatch\u00f4 \u2013 Casa de Criar\u201d \u00e9 divulgada no Instagram @casa.patcho.<\/span><\/p><p style=\"text-align: justify;\"><span style=\"font-size: 11.0pt; font-family: 'Arial',sans-serif;\">***<\/span><\/p><p style=\"text-align: justify;\"><strong><span style=\"font-size: 11.0pt; font-family: 'Arial',sans-serif;\">Casa de Cultura Independente Patch\u00f4<\/span><\/strong><b><span style=\"font-size: 11.0pt; font-family: 'Arial',sans-serif;\"><br \/><\/span><\/b><span style=\"font-size: 11.0pt; font-family: 'Arial',sans-serif;\">A Casa Patch\u00f4 \u00e9 um espa\u00e7o cultural independente localizado em Pindamonhangaba (SP), refer\u00eancia no Vale do Para\u00edba por sua atua\u00e7\u00e3o na forma\u00e7\u00e3o, cria\u00e7\u00e3o art\u00edstica e incentivo \u00e0 cultura independente. Ber\u00e7o e sede da Severina Cia de Teatro, a Casa Patch\u00f4 atua h\u00e1 mais de\u00a0 12 anos como um territ\u00f3rio de troca de saberes, acolhimento, produ\u00e7\u00e3o cultural e articula\u00e7\u00e3o de redes entre artistas, coletivos e agentes culturais da regi\u00e3o.<\/span><\/p><p style=\"text-align: justify;\"><strong><span style=\"font-size: 11.0pt; font-family: 'Arial',sans-serif;\">Projeto \u201cPatch\u00f4 &#8211; Casa de Criar\u201d<\/span><\/strong><b><span style=\"font-size: 11.0pt; font-family: 'Arial',sans-serif;\"><br \/><\/span><\/b><span style=\"font-size: 11.0pt; font-family: 'Arial',sans-serif;\">O projeto \u201cPatch\u00f4 &#8211; Casa de Criar\u201d tem como objetivo fortalecer o espa\u00e7o como um polo de cria\u00e7\u00e3o, forma\u00e7\u00e3o e interc\u00e2mbio cultural. Viabilizado por meio de leis de incentivo \u00e0 cultura, como a Pol\u00edtica Nacional Aldir Blanc de Fomento \u00e0 Cultura (PNAB), do Minist\u00e9rio da Cultura e do Governo Federal, e Programa de A\u00e7\u00e3o Cultural (ProAC), da Secretaria da Cultura, economia e Ind\u00fastria Criativas do Governo do Estado de S\u00e3o Paulo, o projeto promove melhorias estruturais, a\u00e7\u00f5es formativas, resid\u00eancias art\u00edsticas, implementa\u00e7\u00e3o de medidas de acessibilidade, interc\u00e2mbios regionais e uma programa\u00e7\u00e3o cont\u00ednua de atividades culturais, com foco no fortalecimento da rede de artistas do Vale do Para\u00edba e no est\u00edmulo \u00e0 forma\u00e7\u00e3o de novos criadores.<\/span><\/p><p style=\"text-align: justify;\"><strong><span style=\"font-size: 11.0pt; font-family: 'Arial',sans-serif;\">Leis de incentivo<\/span><\/strong><span style=\"font-size: 11.0pt; font-family: 'Arial',sans-serif;\"><br \/>Este projeto \u00e9 realizado com recursos do Fomento CULTSP, programa do Governo do Estado de S\u00e3o Paulo, por meio da Secretaria da Cultura, Economia e Ind\u00fastria Criativas e da Pol\u00edtica Nacional Aldir Blanc \u2013 PNAB, por meio do Governo Federal, atrav\u00e9s do Minist\u00e9rio da Cultura. Neste projeto, foram adotadas medidas de democratiza\u00e7\u00e3o de acesso, tais como: Gratuidade de todas as atividades, inclus\u00e3o de grupos sub representados de vulnerabilidade socioecon\u00f4mica, popula\u00e7\u00f5es menos assistidas, pessoas com defici\u00eancia e mulheres chefes de fam\u00edlia. O fortalecimento do acesso aos bens e servi\u00e7os culturais, realizados por meio de recursos p\u00fablicos e pol\u00edticas de incentivo, representa um compromisso do Governo do Estado de S\u00e3o Paulo com a popula\u00e7\u00e3o paulista e com a sociedade brasileira, pois, mais do que apoiar a\u00e7\u00f5es culturais, amplia oportunidades, promove o acesso e fortalece a presen\u00e7a da cultura no cotidiano da popula\u00e7\u00e3o.\u201d<\/span><\/p><p style=\"text-align: center;\" align=\"center\"><span style=\"font-family: Arial, sans-serif; font-size: 11pt; text-align: justify;\">.<\/span><\/p>\t\t\t\t\t\t\t\t<\/div>\n\t\t\t\t\t<\/div>\n\t\t\t\t<\/div>\n\t\t<div class=\"elementor-element elementor-element-4f47743f e-flex e-con-boxed wpr-particle-no wpr-jarallax-no wpr-parallax-no wpr-sticky-section-no wpr-column-slider-no wpr-equal-height-no e-con e-parent\" data-id=\"4f47743f\" data-element_type=\"container\" data-e-type=\"container\" data-settings=\"{&quot;background_background&quot;:&quot;classic&quot;}\">\n\t\t\t\t\t<div class=\"e-con-inner\">\n\t\t\t\t<div class=\"elementor-element elementor-element-3ebb41a elementor-widget elementor-widget-heading\" data-id=\"3ebb41a\" data-element_type=\"widget\" data-e-type=\"widget\" data-widget_type=\"heading.default\">\n\t\t\t\t\t<h2 class=\"elementor-heading-title elementor-size-default\">Fa\u00e7a o download do release e imagens:<\/h2>\t\t\t\t<\/div>\n\t\t\t\t<div class=\"elementor-element elementor-element-6da046a elementor-arrows-position-outside elementor-pagination-position-outside elementor-widget elementor-widget-image-carousel\" data-id=\"6da046a\" data-element_type=\"widget\" data-e-type=\"widget\" data-settings=\"{&quot;slides_to_show&quot;:&quot;4&quot;,&quot;navigation&quot;:&quot;both&quot;,&quot;speed&quot;:500}\" data-widget_type=\"image-carousel.default\">\n\t\t\t\t\t\t\t<div class=\"elementor-image-carousel-wrapper swiper\" role=\"region\" aria-roledescription=\"carousel\" aria-label=\"Carrossel de imagens\" dir=\"ltr\">\n\t\t\t<div class=\"elementor-image-carousel swiper-wrapper\" aria-live=\"polite\">\n\t\t\t\t\t\t\t\t<div class=\"swiper-slide\" role=\"group\" aria-roledescription=\"slide\" aria-label=\"1 de 5\"><a data-elementor-open-lightbox=\"yes\" data-elementor-lightbox-slideshow=\"6da046a\" data-elementor-lightbox-title=\"IMG-6584\" data-e-action-hash=\"#elementor-action%3Aaction%3Dlightbox%26settings%3DeyJpZCI6MzcyNCwidXJsIjoiaHR0cHM6XC9cL2NvbW11bmljYXJlYXNzZXNzb3JpYS5jb20uYnJcL2ltcHJlbnNhXC93cC1jb250ZW50XC91cGxvYWRzXC8yMDI2XC8wNVwvSU1HLTY1ODQuanBnIiwic2xpZGVzaG93IjoiNmRhMDQ2YSJ9\" href=\"https:\/\/communicareassessoria.com.br\/imprensa\/wp-content\/uploads\/2026\/05\/IMG-6584.jpg\"><figure class=\"swiper-slide-inner\"><img decoding=\"async\" class=\"swiper-slide-image\" src=\"https:\/\/communicareassessoria.com.br\/imprensa\/wp-content\/uploads\/2026\/05\/IMG-6584-150x150.jpg\" alt=\"IMG-6584\" \/><\/figure><\/a><\/div><div class=\"swiper-slide\" role=\"group\" aria-roledescription=\"slide\" aria-label=\"2 de 5\"><a data-elementor-open-lightbox=\"yes\" data-elementor-lightbox-slideshow=\"6da046a\" data-elementor-lightbox-title=\"IMG-6591\" data-e-action-hash=\"#elementor-action%3Aaction%3Dlightbox%26settings%3DeyJpZCI6MzcyNSwidXJsIjoiaHR0cHM6XC9cL2NvbW11bmljYXJlYXNzZXNzb3JpYS5jb20uYnJcL2ltcHJlbnNhXC93cC1jb250ZW50XC91cGxvYWRzXC8yMDI2XC8wNVwvSU1HLTY1OTEuanBnIiwic2xpZGVzaG93IjoiNmRhMDQ2YSJ9\" href=\"https:\/\/communicareassessoria.com.br\/imprensa\/wp-content\/uploads\/2026\/05\/IMG-6591.jpg\"><figure class=\"swiper-slide-inner\"><img decoding=\"async\" class=\"swiper-slide-image\" src=\"https:\/\/communicareassessoria.com.br\/imprensa\/wp-content\/uploads\/2026\/05\/IMG-6591-150x150.jpg\" alt=\"IMG-6591\" \/><\/figure><\/a><\/div><div class=\"swiper-slide\" role=\"group\" aria-roledescription=\"slide\" aria-label=\"3 de 5\"><a data-elementor-open-lightbox=\"yes\" data-elementor-lightbox-slideshow=\"6da046a\" data-elementor-lightbox-title=\"IMG-6549--1-\" data-e-action-hash=\"#elementor-action%3Aaction%3Dlightbox%26settings%3DeyJpZCI6MzcyNiwidXJsIjoiaHR0cHM6XC9cL2NvbW11bmljYXJlYXNzZXNzb3JpYS5jb20uYnJcL2ltcHJlbnNhXC93cC1jb250ZW50XC91cGxvYWRzXC8yMDI2XC8wNVwvSU1HLTY1NDktMS0uanBnIiwic2xpZGVzaG93IjoiNmRhMDQ2YSJ9\" href=\"https:\/\/communicareassessoria.com.br\/imprensa\/wp-content\/uploads\/2026\/05\/IMG-6549-1-.jpg\"><figure class=\"swiper-slide-inner\"><img decoding=\"async\" class=\"swiper-slide-image\" src=\"https:\/\/communicareassessoria.com.br\/imprensa\/wp-content\/uploads\/2026\/05\/IMG-6549-1--150x150.jpg\" alt=\"IMG-6549--1-\" \/><\/figure><\/a><\/div><div class=\"swiper-slide\" role=\"group\" aria-roledescription=\"slide\" aria-label=\"4 de 5\"><a data-elementor-open-lightbox=\"yes\" data-elementor-lightbox-slideshow=\"6da046a\" data-elementor-lightbox-title=\"IMG-6540--2-\" data-e-action-hash=\"#elementor-action%3Aaction%3Dlightbox%26settings%3DeyJpZCI6MzcyNywidXJsIjoiaHR0cHM6XC9cL2NvbW11bmljYXJlYXNzZXNzb3JpYS5jb20uYnJcL2ltcHJlbnNhXC93cC1jb250ZW50XC91cGxvYWRzXC8yMDI2XC8wNVwvSU1HLTY1NDAtMi0uanBnIiwic2xpZGVzaG93IjoiNmRhMDQ2YSJ9\" href=\"https:\/\/communicareassessoria.com.br\/imprensa\/wp-content\/uploads\/2026\/05\/IMG-6540-2-.jpg\"><figure class=\"swiper-slide-inner\"><img decoding=\"async\" class=\"swiper-slide-image\" src=\"https:\/\/communicareassessoria.com.br\/imprensa\/wp-content\/uploads\/2026\/05\/IMG-6540-2--150x150.jpg\" alt=\"IMG-6540--2-\" \/><\/figure><\/a><\/div><div class=\"swiper-slide\" role=\"group\" aria-roledescription=\"slide\" aria-label=\"5 de 5\"><a data-elementor-open-lightbox=\"yes\" data-elementor-lightbox-slideshow=\"6da046a\" data-elementor-lightbox-title=\"IMG-6541--1-\" data-e-action-hash=\"#elementor-action%3Aaction%3Dlightbox%26settings%3DeyJpZCI6MzcyOCwidXJsIjoiaHR0cHM6XC9cL2NvbW11bmljYXJlYXNzZXNzb3JpYS5jb20uYnJcL2ltcHJlbnNhXC93cC1jb250ZW50XC91cGxvYWRzXC8yMDI2XC8wNVwvSU1HLTY1NDEtMS0uanBnIiwic2xpZGVzaG93IjoiNmRhMDQ2YSJ9\" href=\"https:\/\/communicareassessoria.com.br\/imprensa\/wp-content\/uploads\/2026\/05\/IMG-6541-1-.jpg\"><figure class=\"swiper-slide-inner\"><img decoding=\"async\" class=\"swiper-slide-image\" src=\"https:\/\/communicareassessoria.com.br\/imprensa\/wp-content\/uploads\/2026\/05\/IMG-6541-1--150x150.jpg\" alt=\"IMG-6541--1-\" \/><\/figure><\/a><\/div>\t\t\t<\/div>\n\t\t\t\t\t\t\t\t\t\t\t\t<div class=\"elementor-swiper-button elementor-swiper-button-prev\" role=\"button\" tabindex=\"0\">\n\t\t\t\t\t\t<svg aria-hidden=\"true\" class=\"e-font-icon-svg e-eicon-chevron-left\" viewBox=\"0 0 1000 1000\" xmlns=\"http:\/\/www.w3.org\/2000\/svg\"><path d=\"M646 125C629 125 613 133 604 142L308 442C296 454 292 471 292 487 292 504 296 521 308 533L604 854C617 867 629 875 646 875 663 875 679 871 692 858 704 846 713 829 713 812 713 796 708 779 692 767L438 487 692 225C700 217 708 204 708 187 708 171 704 154 692 142 675 129 663 125 646 125Z\"><\/path><\/svg>\t\t\t\t\t<\/div>\n\t\t\t\t\t<div class=\"elementor-swiper-button elementor-swiper-button-next\" role=\"button\" tabindex=\"0\">\n\t\t\t\t\t\t<svg aria-hidden=\"true\" class=\"e-font-icon-svg e-eicon-chevron-right\" viewBox=\"0 0 1000 1000\" xmlns=\"http:\/\/www.w3.org\/2000\/svg\"><path d=\"M696 533C708 521 713 504 713 487 713 471 708 454 696 446L400 146C388 133 375 125 354 125 338 125 325 129 313 142 300 154 292 171 292 187 292 204 296 221 308 233L563 492 304 771C292 783 288 800 288 817 288 833 296 850 308 863 321 871 338 875 354 875 371 875 388 867 400 854L696 533Z\"><\/path><\/svg>\t\t\t\t\t<\/div>\n\t\t\t\t\n\t\t\t\t\t\t\t\t\t<div class=\"swiper-pagination\"><\/div>\n\t\t\t\t\t\t\t\t\t<\/div>\n\t\t\t\t\t\t<\/div>\n\t\t\t\t<div class=\"elementor-element elementor-element-d894230 elementor-align-left elementor-mobile-align-center elementor-widget elementor-widget-button\" data-id=\"d894230\" data-element_type=\"widget\" data-e-type=\"widget\" data-widget_type=\"button.default\">\n\t\t\t\t\t\t\t\t\t\t<a class=\"elementor-button elementor-button-link elementor-size-sm\" href=\"https:\/\/communicareassessoria.com.br\/imprensa\/wp-content\/uploads\/2026\/02\/Moviecom-todos-TSC.pdf\" target=\"_blank\">\n\t\t\t\t\t\t<span class=\"elementor-button-content-wrapper\">\n\t\t\t\t\t\t\t\t\t<span class=\"elementor-button-text\">Acesse os arquivos de m\u00eddia<\/span>\n\t\t\t\t\t<\/span>\n\t\t\t\t\t<\/a>\n\t\t\t\t\t\t\t\t<\/div>\n\t\t\t\t\t<\/div>\n\t\t\t\t<\/div>\n\t\t\t\t<\/div>\n\t\t","protected":false},"excerpt":{"rendered":"<p>No pr\u00f3ximo s\u00e1bado (30), a Casa Patch\u00f4 recebe a mostra coletiva \u201cSementes de Ontem para Cultivar o Amanh\u00e3\u201d, encontro que marca a partilha p\u00fablica dos processos criativos desenvolvidos por artistas residentes durante o m\u00f3dulo de Incuba\u00e7\u00e3o de \u201cProjetos da Estufa de Futuros \u2013 Modos de produ\u00e7\u00e3o, gest\u00e3o e conv\u00edvios na cena contempor\u00e2nea\u201d, realizado pela AFLORAR CULTURA sob mentoria e coordena\u00e7\u00e3o da atriz e produtora cultural Cynthia Margareth. Entre fevereiro e maio de 2026, 13 artistas participaram de uma jornada de cria\u00e7\u00e3o, troca e desenvolvimento de projetos no espa\u00e7o f\u00edsico e virtual da Casa Patch\u00f4, dentro da proposta da Casa de Criar como territ\u00f3rio de forma\u00e7\u00e3o, experimenta\u00e7\u00e3o e fomento \u00e0s produ\u00e7\u00f5es independentes. \u201cA Estufa de Futuros tem sido um laborat\u00f3rio de modos de cria\u00e7\u00e3o, onde temos visto como artistas de lugares diferentes, alguns at\u00e9 do mesmo lugar, e de linguagens art\u00edsticas distintas, com hist\u00f3rias diversas, podem, de alguma maneira, contribuir com o trabalho uns dos outros\u201d, afirma uma das participantes do projeto, Guerra, artista do Teatro e da Poesia. \u201cTemos analisado outras formas de olhar para os processos de cria\u00e7\u00e3o, trazendo-os para um campo mais org\u00e2nico, buscando entender como estruturar esses modos de cria\u00e7\u00e3o a partir dos elementos da natureza. Ent\u00e3o, a Estufa de Futuros tem sido, literalmente, uma estufa onde estamos semeando frutos que esperamos colher em breve. Tem sido muito importante estar com esse pessoal.\u201d Mais sobre a mostra A mostra re\u00fane trabalhos em diferentes linguagens \u2014 entre artes c\u00eanicas, performance, m\u00fasica, arte-educa\u00e7\u00e3o, artes visuais, audiovisual e ativismo \u2014 revelando processos atravessados por mem\u00f3ria, territ\u00f3rio, sensibilidade, transforma\u00e7\u00e3o social e imagina\u00e7\u00e3o coletiva. As apresenta\u00e7\u00f5es ser\u00e3o organizadas em quatro blocos tem\u00e1ticos inspirados nos elementos da natureza. O bloco Terra abre a programa\u00e7\u00e3o com projetos ligados ao enraizamento, ancestralidade e cuidado. \u00c1gua conduz trabalhos voltados \u00e0 escuta, emo\u00e7\u00e3o e travessias internas. Fogo re\u00fane propostas marcadas por pot\u00eancia c\u00eanica, den\u00fancia e transforma\u00e7\u00e3o, enquanto Ar encerra a noite com experi\u00eancias relacionadas \u00e0 comunica\u00e7\u00e3o, expans\u00e3o e deslocamento de pensamento. Mais do que uma mostra art\u00edstica, \u201cSementes de Ontem para Cultivar o Amanh\u00e3\u201d celebra processos coletivos de cria\u00e7\u00e3o e fortalece redes de produ\u00e7\u00e3o cultural independente no Vale do Para\u00edba, afirmando a arte como espa\u00e7o de encontro, conviv\u00eancia e constru\u00e7\u00e3o de futuros poss\u00edveis. Servi\u00e7o: Data: 30\/05\/2026Local: Casa Patch\u00f4Hor\u00e1rio: 16:00 \u00e0s 22:00 Para os interessados em conhecer e acompanhar as atividades, a Casa Patch\u00f4 fica na Rua Ign\u00e1cio Henrique Romeiro, 16, no bairro Ch\u00e1cara Galega, em Pindamonhangaba. A programa\u00e7\u00e3o completa do projeto \u201cPatch\u00f4 \u2013 Casa de Criar\u201d \u00e9 divulgada no Instagram @casa.patcho. *** Casa de Cultura Independente Patch\u00f4A Casa Patch\u00f4 \u00e9 um espa\u00e7o cultural independente localizado em Pindamonhangaba (SP), refer\u00eancia no Vale do Para\u00edba por sua atua\u00e7\u00e3o na forma\u00e7\u00e3o, cria\u00e7\u00e3o art\u00edstica e incentivo \u00e0 cultura independente. Ber\u00e7o e sede da Severina Cia de Teatro, a Casa Patch\u00f4 atua h\u00e1 mais de\u00a0 12 anos como um territ\u00f3rio de troca de saberes, acolhimento, produ\u00e7\u00e3o cultural e articula\u00e7\u00e3o de redes entre artistas, coletivos e agentes culturais da regi\u00e3o. Projeto \u201cPatch\u00f4 &#8211; Casa de Criar\u201dO projeto \u201cPatch\u00f4 &#8211; Casa de Criar\u201d tem como objetivo fortalecer o espa\u00e7o como um polo de cria\u00e7\u00e3o, forma\u00e7\u00e3o e interc\u00e2mbio cultural. Viabilizado por meio de leis de incentivo \u00e0 cultura, como a Pol\u00edtica Nacional Aldir Blanc de Fomento \u00e0 Cultura (PNAB), do Minist\u00e9rio da Cultura e do Governo Federal, e Programa de A\u00e7\u00e3o Cultural (ProAC), da Secretaria da Cultura, economia e Ind\u00fastria Criativas do Governo do Estado de S\u00e3o Paulo, o projeto promove melhorias estruturais, a\u00e7\u00f5es formativas, resid\u00eancias art\u00edsticas, implementa\u00e7\u00e3o de medidas de acessibilidade, interc\u00e2mbios regionais e uma programa\u00e7\u00e3o cont\u00ednua de atividades culturais, com foco no fortalecimento da rede de artistas do Vale do Para\u00edba e no est\u00edmulo \u00e0 forma\u00e7\u00e3o de novos criadores. Leis de incentivoEste projeto \u00e9 realizado com recursos do Fomento CULTSP, programa do Governo do Estado de S\u00e3o Paulo, por meio da Secretaria da Cultura, Economia e Ind\u00fastria Criativas e da Pol\u00edtica Nacional Aldir Blanc \u2013 PNAB, por meio do Governo Federal, atrav\u00e9s do Minist\u00e9rio da Cultura. Neste projeto, foram adotadas medidas de democratiza\u00e7\u00e3o de acesso, tais como: Gratuidade de todas as atividades, inclus\u00e3o de grupos sub representados de vulnerabilidade socioecon\u00f4mica, popula\u00e7\u00f5es menos assistidas, pessoas com defici\u00eancia e mulheres chefes de fam\u00edlia. O fortalecimento do acesso aos bens e servi\u00e7os culturais, realizados por meio de recursos p\u00fablicos e pol\u00edticas de incentivo, representa um compromisso do Governo do Estado de S\u00e3o Paulo com a popula\u00e7\u00e3o paulista e com a sociedade brasileira, pois, mais do que apoiar a\u00e7\u00f5es culturais, amplia oportunidades, promove o acesso e fortalece a presen\u00e7a da cultura no cotidiano da popula\u00e7\u00e3o.\u201d . Fa\u00e7a o download do release e imagens: Acesse os arquivos de m\u00eddia<\/p>\n","protected":false},"author":2,"featured_media":3728,"comment_status":"open","ping_status":"open","sticky":false,"template":"","format":"standard","meta":{"footnotes":""},"categories":[55],"tags":[217,216],"class_list":["post-3722","post","type-post","status-publish","format-standard","has-post-thumbnail","hentry","category-geral","tag-coletiva","tag-mostra"],"_links":{"self":[{"href":"https:\/\/communicareassessoria.com.br\/imprensa\/wp-json\/wp\/v2\/posts\/3722","targetHints":{"allow":["GET"]}}],"collection":[{"href":"https:\/\/communicareassessoria.com.br\/imprensa\/wp-json\/wp\/v2\/posts"}],"about":[{"href":"https:\/\/communicareassessoria.com.br\/imprensa\/wp-json\/wp\/v2\/types\/post"}],"author":[{"embeddable":true,"href":"https:\/\/communicareassessoria.com.br\/imprensa\/wp-json\/wp\/v2\/users\/2"}],"replies":[{"embeddable":true,"href":"https:\/\/communicareassessoria.com.br\/imprensa\/wp-json\/wp\/v2\/comments?post=3722"}],"version-history":[{"count":4,"href":"https:\/\/communicareassessoria.com.br\/imprensa\/wp-json\/wp\/v2\/posts\/3722\/revisions"}],"predecessor-version":[{"id":3731,"href":"https:\/\/communicareassessoria.com.br\/imprensa\/wp-json\/wp\/v2\/posts\/3722\/revisions\/3731"}],"wp:featuredmedia":[{"embeddable":true,"href":"https:\/\/communicareassessoria.com.br\/imprensa\/wp-json\/wp\/v2\/media\/3728"}],"wp:attachment":[{"href":"https:\/\/communicareassessoria.com.br\/imprensa\/wp-json\/wp\/v2\/media?parent=3722"}],"wp:term":[{"taxonomy":"category","embeddable":true,"href":"https:\/\/communicareassessoria.com.br\/imprensa\/wp-json\/wp\/v2\/categories?post=3722"},{"taxonomy":"post_tag","embeddable":true,"href":"https:\/\/communicareassessoria.com.br\/imprensa\/wp-json\/wp\/v2\/tags?post=3722"}],"curies":[{"name":"wp","href":"https:\/\/api.w.org\/{rel}","templated":true}]}}