{"id":3816,"date":"2026-06-11T14:13:25","date_gmt":"2026-06-11T14:13:25","guid":{"rendered":"https:\/\/communicareassessoria.com.br\/imprensa\/?p=3816"},"modified":"2026-06-11T14:17:31","modified_gmt":"2026-06-11T14:17:31","slug":"segunda-semana-da-festa-junina-do-sos-comeca-nesta-quinta-feira-11-no-shopping-patio-pinda","status":"publish","type":"post","link":"https:\/\/communicareassessoria.com.br\/imprensa\/segunda-semana-da-festa-junina-do-sos-comeca-nesta-quinta-feira-11-no-shopping-patio-pinda\/","title":{"rendered":"Segunda semana da Festa Junina do SOS come\u00e7a nesta quinta-feira (11) no Shopping P\u00e1tio Pinda"},"content":{"rendered":"\t\t<div data-elementor-type=\"wp-post\" data-elementor-id=\"3816\" class=\"elementor elementor-3816\">\n\t\t\t\t<div class=\"elementor-element elementor-element-bb54d89 e-flex e-con-boxed wpr-particle-no wpr-jarallax-no wpr-parallax-no wpr-sticky-section-no wpr-column-slider-no wpr-equal-height-no e-con e-parent\" data-id=\"bb54d89\" data-element_type=\"container\" data-e-type=\"container\">\n\t\t\t\t\t<div class=\"e-con-inner\">\n\t\t\t\t<div class=\"elementor-element elementor-element-ac324b5 elementor-widget elementor-widget-text-editor\" data-id=\"ac324b5\" data-element_type=\"widget\" data-e-type=\"widget\" data-widget_type=\"text-editor.default\">\n\t\t\t\t\t\t\t\t\t<p><em>Evento segue at\u00e9 21 de junho com atra\u00e7\u00f5es musicais, comidas t\u00edpicas e transmiss\u00e3o dos jogos da Copa do Mundo<\/em><\/p><p><em>\u00a0<\/em><\/p><p>A primeira semana da <strong>17\u00aa Festa Junina do SOS Pinda<\/strong> foi marcada por muita m\u00fasica e gastronomia t\u00edpica durante o tradicional evento realizado no estacionamento do <strong>Shopping P\u00e1tio Pinda<\/strong>, administrado pelo Grupo AD. Durante os primeiros dias o p\u00fablico acompanhou apresenta\u00e7\u00f5es de diversos artistas e bandas em uma estrutura preparada para receber os visitantes. Agora, a festa segue para a segunda semana, mantendo a proposta de oferecer entretenimento para todas as idades em um ambiente coberto, seguro e confort\u00e1vel.<\/p><p>A programa\u00e7\u00e3o da segunda semana da Festa Junina do SOS come\u00e7a na quinta-feira (11), com a <strong>Quinta do Pagode<\/strong>, com apresenta\u00e7\u00e3o do grupo <strong>Resenha em Dobro<\/strong>, \u00e0s 19h30, seguida por <strong>Rafa Novaes e<\/strong> <strong>Convidados do Samba<\/strong>, \u00e0s 21h. J\u00e1 na sexta-feira (12), em comemora\u00e7\u00e3o ao <strong>Dia dos Namorados<\/strong>, os casais poder\u00e3o aproveitar uma noite especial ao som da <strong>Banda Middle<\/strong>, a partir das 19h30, e do espet\u00e1culo <strong>Bohemian Rock<\/strong>, <strong>cover da banda Queen<\/strong>, que traz os maiores sucessos do rock, a partir das 21h.<\/p><p>No s\u00e1bado (13), a programa\u00e7\u00e3o come\u00e7a mais cedo, \u00e0s 13h, com uma feijoada acompanhada pelo <strong>Grupo Bom Talento<\/strong>, at\u00e9 as 15h. Encerrando a segunda semana, o domingo (14) re\u00fane o grupo <strong>Sound Box<\/strong>, \u00e0s 17h30, <strong>Caixa 2<\/strong>, \u00e0s 19h30, e <strong>Confraria Musical<\/strong>, \u00e0s 21h, garantindo anima\u00e7\u00e3o at\u00e9 o fim da noite.<\/p><p>\u201cA primeira semana j\u00e1 foi muito especial, com muitas fam\u00edlias participando, aproveitando a programa\u00e7\u00e3o e colaborando com a nossa causa. Estamos preparando mais uma sequ\u00eancia de dias especiais, com a\u00e7\u00f5es focadas na Copa do Mundo e no Dia dos Namorados\u201d, destaca Nelbe Caldeira, organizadora do evento.<\/p><p>A 17\u00aa Festa Junina do SOS segue at\u00e9 o dia 21 de junho, sempre \u00e0s quintas e sextas-feiras, das 19h \u00e0s 23h, e aos s\u00e1bados e domingos, das 16h \u00e0s 23h, no estacionamento do Shopping P\u00e1tio Pinda.<\/p><p>Para Renata Cruz, Gerente Geral do Shopping P\u00e1tio Pinda, o sucesso da abertura refor\u00e7a a import\u00e2ncia da iniciativa para a regi\u00e3o. \u201cA Festa Junina do SOS faz parte do nosso calend\u00e1rio, criando momentos de lazer, cultura e solidariedade para a popula\u00e7\u00e3o. A expectativa \u00e9 de que as pr\u00f3ximas semanas sejam ainda mais especiais\u201d, afirma.<\/p><p><strong><em><u>17\u00aa Festa Junina do SOS Pinda:<\/u><\/em><\/strong><\/p><p><strong><u>Data:<\/u><\/strong> at\u00e9 21 de junho<\/p><p><strong><u>Local:<\/u><\/strong> estacionamento do Shopping P\u00e1tio Pinda<\/p><p><strong>Hora:<\/strong> quintas e sextas-feiras, das 19h \u00e0s 23h; s\u00e1bados, domingos e feriados das 16h \u00e0s 23h<\/p><p><em>Programa\u00e7\u00e3o de 11 a 14 de junho:<\/em><\/p><p><strong><u>11\/06 (quinta-feira) \u2013 Quinta do Pagode<\/u><\/strong><\/p><p>19h30 \u2013 Resenha em Dobro<\/p><p>21h \u2013 Rafa Novaes e Convidados do Samba<\/p><p><strong><u>12\/06 (sexta-feira) \u2013 Dia dos Namorados<\/u><\/strong><\/p><p>19h \u2013 Banda Middle<\/p><p>21h \u2013 Bohemian Rock &#8211; Queen Cover<\/p><p><strong><u>13\/06 (s\u00e1bado)<\/u><\/strong><\/p><p>13h \u00e0s 15h \u2013 Feijoada com o Grupo Bom Talento<\/p><p><strong><u>14\/06 (domingo)<\/u><\/strong><\/p><p>17h30 \u2013 Sound Box<\/p><p>19h30 \u2013 Caixa 2<\/p><p>21h \u2013 Confraria Musiacal<\/p><p><strong>\u00a0<\/strong><\/p><p><strong>Shopping P\u00e1tio Pinda<\/strong><\/p><p>Constru\u00eddo em uma \u00e1rea de 120 mil metros quadrados, o Shopping P\u00e1tio Pinda \u00e9 resultado de um investimento de R$ 150 milh\u00f5es e j\u00e1 se consolidou como um espa\u00e7o de compras, lazer, entretenimento e conviv\u00eancia para moradores de Pindamonhangaba e regi\u00e3o. O empreendimento gera cerca de 2.400 empregos diretos e indiretos e oferece uma infraestrutura com mais de 115 lojas \u2013 seis \u00e2ncoras e cinco megalojas \u2013, quatro salas de cinema do Grupo Cine, sendo 2 salas 3D, uma diversificada pra\u00e7a de alimenta\u00e7\u00e3o, supermercado e ainda 1.300 vagas de estacionamento. Inaugurado em 21 de novembro de 2013, o empreendimento \u00e9 administrado pelo Grupo AD.<\/p>\t\t\t\t\t\t\t\t<\/div>\n\t\t\t\t\t<\/div>\n\t\t\t\t<\/div>\n\t\t<div class=\"elementor-element elementor-element-4f47743f e-flex e-con-boxed wpr-particle-no wpr-jarallax-no wpr-parallax-no wpr-sticky-section-no wpr-column-slider-no wpr-equal-height-no e-con e-parent\" data-id=\"4f47743f\" data-element_type=\"container\" data-e-type=\"container\" data-settings=\"{&quot;background_background&quot;:&quot;classic&quot;}\">\n\t\t\t\t\t<div class=\"e-con-inner\">\n\t\t\t\t<div class=\"elementor-element elementor-element-3ebb41a elementor-widget elementor-widget-heading\" data-id=\"3ebb41a\" data-element_type=\"widget\" data-e-type=\"widget\" data-widget_type=\"heading.default\">\n\t\t\t\t\t<h2 class=\"elementor-heading-title elementor-size-default\">Fa\u00e7a o download do release e imagens:<\/h2>\t\t\t\t<\/div>\n\t\t\t\t<div class=\"elementor-element elementor-element-6da046a elementor-arrows-position-outside elementor-pagination-position-outside elementor-widget elementor-widget-image-carousel\" data-id=\"6da046a\" data-element_type=\"widget\" data-e-type=\"widget\" data-settings=\"{&quot;slides_to_show&quot;:&quot;4&quot;,&quot;navigation&quot;:&quot;both&quot;,&quot;speed&quot;:500}\" data-widget_type=\"image-carousel.default\">\n\t\t\t\t\t\t\t<div class=\"elementor-image-carousel-wrapper swiper\" role=\"region\" aria-roledescription=\"carousel\" aria-label=\"Carrossel de imagens\" dir=\"ltr\">\n\t\t\t<div class=\"elementor-image-carousel swiper-wrapper\" aria-live=\"polite\">\n\t\t\t\t\t\t\t\t<div class=\"swiper-slide\" role=\"group\" aria-roledescription=\"slide\" aria-label=\"1 de 1\"><a data-elementor-open-lightbox=\"yes\" data-elementor-lightbox-slideshow=\"6da046a\" data-elementor-lightbox-title=\"WhatsApp Image 2026-06-09 at 18.12.50\" data-e-action-hash=\"#elementor-action%3Aaction%3Dlightbox%26settings%3DeyJpZCI6MzgxOCwidXJsIjoiaHR0cHM6XC9cL2NvbW11bmljYXJlYXNzZXNzb3JpYS5jb20uYnJcL2ltcHJlbnNhXC93cC1jb250ZW50XC91cGxvYWRzXC8yMDI2XC8wNlwvV2hhdHNBcHAtSW1hZ2UtMjAyNi0wNi0wOS1hdC0xOC4xMi41MC5qcGVnIiwic2xpZGVzaG93IjoiNmRhMDQ2YSJ9\" href=\"https:\/\/communicareassessoria.com.br\/imprensa\/wp-content\/uploads\/2026\/06\/WhatsApp-Image-2026-06-09-at-18.12.50.jpeg\"><figure class=\"swiper-slide-inner\"><img decoding=\"async\" class=\"swiper-slide-image\" src=\"https:\/\/communicareassessoria.com.br\/imprensa\/wp-content\/uploads\/2026\/06\/WhatsApp-Image-2026-06-09-at-18.12.50-150x150.jpeg\" alt=\"WhatsApp Image 2026-06-09 at 18.12.50\" \/><\/figure><\/a><\/div>\t\t\t<\/div>\n\t\t\t\t\t<\/div>\n\t\t\t\t\t\t<\/div>\n\t\t\t\t<div class=\"elementor-element elementor-element-d894230 elementor-align-left elementor-mobile-align-center elementor-widget elementor-widget-button\" data-id=\"d894230\" data-element_type=\"widget\" data-e-type=\"widget\" data-widget_type=\"button.default\">\n\t\t\t\t\t\t\t\t\t\t<a class=\"elementor-button elementor-button-link elementor-size-sm\" href=\"https:\/\/communicareassessoria.com.br\/imprensa\/wp-content\/uploads\/2026\/02\/Moviecom-todos-TSC.pdf\" target=\"_blank\">\n\t\t\t\t\t\t<span class=\"elementor-button-content-wrapper\">\n\t\t\t\t\t\t\t\t\t<span class=\"elementor-button-text\">Acesse os arquivos de m\u00eddia<\/span>\n\t\t\t\t\t<\/span>\n\t\t\t\t\t<\/a>\n\t\t\t\t\t\t\t\t<\/div>\n\t\t\t\t\t<\/div>\n\t\t\t\t<\/div>\n\t\t\t\t<\/div>\n\t\t","protected":false},"excerpt":{"rendered":"<p>Evento segue at\u00e9 21 de junho com atra\u00e7\u00f5es musicais, comidas t\u00edpicas e transmiss\u00e3o dos jogos da Copa do Mundo \u00a0 A primeira semana da 17\u00aa Festa Junina do SOS Pinda foi marcada por muita m\u00fasica e gastronomia t\u00edpica durante o tradicional evento realizado no estacionamento do Shopping P\u00e1tio Pinda, administrado pelo Grupo AD. Durante os primeiros dias o p\u00fablico acompanhou apresenta\u00e7\u00f5es de diversos artistas e bandas em uma estrutura preparada para receber os visitantes. Agora, a festa segue para a segunda semana, mantendo a proposta de oferecer entretenimento para todas as idades em um ambiente coberto, seguro e confort\u00e1vel. A programa\u00e7\u00e3o da segunda semana da Festa Junina do SOS come\u00e7a na quinta-feira (11), com a Quinta do Pagode, com apresenta\u00e7\u00e3o do grupo Resenha em Dobro, \u00e0s 19h30, seguida por Rafa Novaes e Convidados do Samba, \u00e0s 21h. J\u00e1 na sexta-feira (12), em comemora\u00e7\u00e3o ao Dia dos Namorados, os casais poder\u00e3o aproveitar uma noite especial ao som da Banda Middle, a partir das 19h30, e do espet\u00e1culo Bohemian Rock, cover da banda Queen, que traz os maiores sucessos do rock, a partir das 21h. No s\u00e1bado (13), a programa\u00e7\u00e3o come\u00e7a mais cedo, \u00e0s 13h, com uma feijoada acompanhada pelo Grupo Bom Talento, at\u00e9 as 15h. Encerrando a segunda semana, o domingo (14) re\u00fane o grupo Sound Box, \u00e0s 17h30, Caixa 2, \u00e0s 19h30, e Confraria Musical, \u00e0s 21h, garantindo anima\u00e7\u00e3o at\u00e9 o fim da noite. \u201cA primeira semana j\u00e1 foi muito especial, com muitas fam\u00edlias participando, aproveitando a programa\u00e7\u00e3o e colaborando com a nossa causa. Estamos preparando mais uma sequ\u00eancia de dias especiais, com a\u00e7\u00f5es focadas na Copa do Mundo e no Dia dos Namorados\u201d, destaca Nelbe Caldeira, organizadora do evento. A 17\u00aa Festa Junina do SOS segue at\u00e9 o dia 21 de junho, sempre \u00e0s quintas e sextas-feiras, das 19h \u00e0s 23h, e aos s\u00e1bados e domingos, das 16h \u00e0s 23h, no estacionamento do Shopping P\u00e1tio Pinda. Para Renata Cruz, Gerente Geral do Shopping P\u00e1tio Pinda, o sucesso da abertura refor\u00e7a a import\u00e2ncia da iniciativa para a regi\u00e3o. \u201cA Festa Junina do SOS faz parte do nosso calend\u00e1rio, criando momentos de lazer, cultura e solidariedade para a popula\u00e7\u00e3o. A expectativa \u00e9 de que as pr\u00f3ximas semanas sejam ainda mais especiais\u201d, afirma. 17\u00aa Festa Junina do SOS Pinda: Data: at\u00e9 21 de junho Local: estacionamento do Shopping P\u00e1tio Pinda Hora: quintas e sextas-feiras, das 19h \u00e0s 23h; s\u00e1bados, domingos e feriados das 16h \u00e0s 23h Programa\u00e7\u00e3o de 11 a 14 de junho: 11\/06 (quinta-feira) \u2013 Quinta do Pagode 19h30 \u2013 Resenha em Dobro 21h \u2013 Rafa Novaes e Convidados do Samba 12\/06 (sexta-feira) \u2013 Dia dos Namorados 19h \u2013 Banda Middle 21h \u2013 Bohemian Rock &#8211; Queen Cover 13\/06 (s\u00e1bado) 13h \u00e0s 15h \u2013 Feijoada com o Grupo Bom Talento 14\/06 (domingo) 17h30 \u2013 Sound Box 19h30 \u2013 Caixa 2 21h \u2013 Confraria Musiacal \u00a0 Shopping P\u00e1tio Pinda Constru\u00eddo em uma \u00e1rea de 120 mil metros quadrados, o Shopping P\u00e1tio Pinda \u00e9 resultado de um investimento de R$ 150 milh\u00f5es e j\u00e1 se consolidou como um espa\u00e7o de compras, lazer, entretenimento e conviv\u00eancia para moradores de Pindamonhangaba e regi\u00e3o. O empreendimento gera cerca de 2.400 empregos diretos e indiretos e oferece uma infraestrutura com mais de 115 lojas \u2013 seis \u00e2ncoras e cinco megalojas \u2013, quatro salas de cinema do Grupo Cine, sendo 2 salas 3D, uma diversificada pra\u00e7a de alimenta\u00e7\u00e3o, supermercado e ainda 1.300 vagas de estacionamento. Inaugurado em 21 de novembro de 2013, o empreendimento \u00e9 administrado pelo Grupo AD. Fa\u00e7a o download do release e imagens: Acesse os arquivos de m\u00eddia<\/p>\n","protected":false},"author":2,"featured_media":3818,"comment_status":"open","ping_status":"open","sticky":false,"template":"","format":"standard","meta":{"footnotes":""},"categories":[4],"tags":[226,144,192,236],"class_list":["post-3816","post","type-post","status-publish","format-standard","has-post-thumbnail","hentry","category-shopping-patio-pinda","tag-festa-junina","tag-gastronomia","tag-musica","tag-sos"],"_links":{"self":[{"href":"https:\/\/communicareassessoria.com.br\/imprensa\/wp-json\/wp\/v2\/posts\/3816","targetHints":{"allow":["GET"]}}],"collection":[{"href":"https:\/\/communicareassessoria.com.br\/imprensa\/wp-json\/wp\/v2\/posts"}],"about":[{"href":"https:\/\/communicareassessoria.com.br\/imprensa\/wp-json\/wp\/v2\/types\/post"}],"author":[{"embeddable":true,"href":"https:\/\/communicareassessoria.com.br\/imprensa\/wp-json\/wp\/v2\/users\/2"}],"replies":[{"embeddable":true,"href":"https:\/\/communicareassessoria.com.br\/imprensa\/wp-json\/wp\/v2\/comments?post=3816"}],"version-history":[{"count":4,"href":"https:\/\/communicareassessoria.com.br\/imprensa\/wp-json\/wp\/v2\/posts\/3816\/revisions"}],"predecessor-version":[{"id":3821,"href":"https:\/\/communicareassessoria.com.br\/imprensa\/wp-json\/wp\/v2\/posts\/3816\/revisions\/3821"}],"wp:featuredmedia":[{"embeddable":true,"href":"https:\/\/communicareassessoria.com.br\/imprensa\/wp-json\/wp\/v2\/media\/3818"}],"wp:attachment":[{"href":"https:\/\/communicareassessoria.com.br\/imprensa\/wp-json\/wp\/v2\/media?parent=3816"}],"wp:term":[{"taxonomy":"category","embeddable":true,"href":"https:\/\/communicareassessoria.com.br\/imprensa\/wp-json\/wp\/v2\/categories?post=3816"},{"taxonomy":"post_tag","embeddable":true,"href":"https:\/\/communicareassessoria.com.br\/imprensa\/wp-json\/wp\/v2\/tags?post=3816"}],"curies":[{"name":"wp","href":"https:\/\/api.w.org\/{rel}","templated":true}]}}