{"id":4156,"date":"2026-07-28T14:01:45","date_gmt":"2026-07-28T14:01:45","guid":{"rendered":"https:\/\/communicareassessoria.com.br\/imprensa\/?p=4156"},"modified":"2026-07-28T14:03:17","modified_gmt":"2026-07-28T14:03:17","slug":"curadoria-do-taubate-shopping-jazz-blues-festival-reune-grandes-nomes-da-musica-de-6-a-9-de-agosto","status":"publish","type":"post","link":"https:\/\/communicareassessoria.com.br\/imprensa\/curadoria-do-taubate-shopping-jazz-blues-festival-reune-grandes-nomes-da-musica-de-6-a-9-de-agosto\/","title":{"rendered":"Curadoria do Taubat\u00e9 Shopping Jazz &#038; Blues Festival re\u00fane grandes nomes da m\u00fasica de 6 a 9 de agosto"},"content":{"rendered":"\t\t<div data-elementor-type=\"wp-post\" data-elementor-id=\"4156\" class=\"elementor elementor-4156\">\n\t\t\t\t<div class=\"elementor-element elementor-element-bb54d89 e-flex e-con-boxed wpr-particle-no wpr-jarallax-no wpr-parallax-no wpr-sticky-section-no wpr-column-slider-no wpr-equal-height-no e-con e-parent\" data-id=\"bb54d89\" data-element_type=\"container\" data-e-type=\"container\">\n\t\t\t\t\t<div class=\"e-con-inner\">\n\t\t\t\t<div class=\"elementor-element elementor-element-ac324b5 elementor-widget elementor-widget-text-editor\" data-id=\"ac324b5\" data-element_type=\"widget\" data-e-type=\"widget\" data-widget_type=\"text-editor.default\">\n\t\t\t\t\t\t\t\t\t<p style=\"text-align: center;\" align=\"center\"><i><span style=\"font-family: 'Arial',sans-serif;\">Programa\u00e7\u00e3o valoriza a diversidade do jazz, blues e suas conex\u00f5es com diferentes vertentes da m\u00fasica, reunindo artistas consagrados em quatro dias de apresenta\u00e7\u00f5es gratuitas<\/span><\/i><\/p><p style=\"text-align: justify;\"><span style=\"font-size: 11.0pt; font-family: 'Arial',sans-serif;\">O <strong><span style=\"font-family: 'Arial',sans-serif;\">Taubat\u00e9 Shopping<\/span><\/strong>, administrado pelo Grupo AD, apresenta a curadoria art\u00edstica da edi\u00e7\u00e3o 2026 do <strong><span style=\"font-family: 'Arial',sans-serif;\">Taubat\u00e9 Shopping Jazz &amp; Blues Festival<\/span><\/strong>, que ser\u00e1 realizado entre os dias 6 e 9 de agosto. A programa\u00e7\u00e3o re\u00fane grandes nomes do jazz, blues e suas conex\u00f5es com diferentes vertentes da m\u00fasica, com artistas de diferentes gera\u00e7\u00f5es e trajet\u00f3rias reconhecidas no cen\u00e1rio musical brasileiro e internacional. Pensado para oferecer ao p\u00fablico uma experi\u00eancia musical de alto n\u00edvel, o festival promove quatro dias de apresenta\u00e7\u00f5es gratuitas com estilos, influ\u00eancias e interpreta\u00e7\u00f5es que celebram a riqueza desses g\u00eaneros.<\/span><\/p><p style=\"text-align: justify;\"><span style=\"font-size: 11.0pt; font-family: 'Arial',sans-serif;\">A sele\u00e7\u00e3o art\u00edstica valoriza nomes que transitam por diferentes refer\u00eancias do blues e do jazz, al\u00e9m de artistas reconhecidos pela inova\u00e7\u00e3o t\u00e9cnica e pela fus\u00e3o de estilos. A curadoria busca aproximar o p\u00fablico de apresenta\u00e7\u00f5es marcadas pela excel\u00eancia musical e originalidade. \u201cO festival foi pensado para oferecer ao p\u00fablico uma experi\u00eancia cultural completa, com artistas que possuem trajet\u00f3rias relevantes e apresenta\u00e7\u00f5es de alto n\u00edvel\u201d, destaca Lilian Giacomini, Coordenadora de Marketing do Taubat\u00e9 Shopping. \u201cA programa\u00e7\u00e3o tamb\u00e9m foi constru\u00edda para valorizar a diversidade art\u00edstica e proporcionar ao p\u00fablico encontros marcantes com a m\u00fasica brasileira e internacional.\u201d<\/span><\/p><p style=\"text-align: justify;\"><span style=\"font-size: 11.0pt; font-family: 'Arial',sans-serif;\">\u00a0<\/span><\/p><p style=\"text-align: justify;\"><em><span style=\"font-size: 11.0pt; font-family: 'Arial',sans-serif;\">A programa\u00e7\u00e3o art\u00edstica do festival<\/span><\/em><\/p><p style=\"text-align: justify;\"><span style=\"font-size: 11.0pt; font-family: 'Arial',sans-serif;\">O evento tem in\u00edcio na quarta-feira, <strong><span style=\"font-family: 'Arial',sans-serif;\">6 de agosto<\/span><\/strong>, \u00e0s 19h, com o <strong><span style=\"font-family: 'Arial',sans-serif;\">Teo Lobos Jazz Trio<\/span><\/strong>, forma\u00e7\u00e3o reconhecida pela interpreta\u00e7\u00e3o refinada do Gypsy Jazz, Swing, Bossa Nova e Samba, unindo t\u00e9cnica apurada e sensibilidade musical.<\/span><\/p><p style=\"text-align: justify;\"><span style=\"font-size: 11.0pt; font-family: 'Arial',sans-serif;\">Na sexta-feira, <strong><span style=\"font-family: 'Arial',sans-serif;\">7 de agosto<\/span><\/strong>, a programa\u00e7\u00e3o come\u00e7a \u00e0s 18h com <strong><span style=\"font-family: 'Arial',sans-serif;\">Vagner Mateus<\/span><\/strong>, m\u00fasico, compositor e instrumentista reconhecido por sua trajet\u00f3ria no Blues e pela capacidade de explorar diferentes influ\u00eancias sonoras com autenticidade. \u00c0s 20h, <strong><span style=\"font-family: 'Arial',sans-serif;\">Vasco Fa\u00e9<\/span><\/strong> sobe ao palco com uma apresenta\u00e7\u00e3o marcada pela combina\u00e7\u00e3o de voz, guitarra, gaita e percuss\u00e3o executadas pelo pr\u00f3prio m\u00fasico em uma performance \u00fanica. Por seu trabalho no formato <em><span style=\"font-family: 'Arial',sans-serif;\">one man band<\/span><\/em>, ficou conhecido como \u201cManoblues\u201d e se consolidou como um dos nomes de destaque do blues nacional.<\/span><\/p><p style=\"text-align: justify;\"><span style=\"font-size: 11.0pt; font-family: 'Arial',sans-serif;\">O s\u00e1bado, <strong><span style=\"font-family: 'Arial',sans-serif;\">8 de agosto<\/span><\/strong>, tamb\u00e9m ser\u00e1 dedicado a encontros musicais. \u00c0s 18h, <strong><span style=\"font-family: 'Arial',sans-serif;\">Marcinho Eiras<\/span><\/strong>, mestre das cordas e pioneiro na t\u00e9cnica <em><span style=\"font-family: 'Arial',sans-serif;\">Two Handed Tapping<\/span><\/em>, sobe ao palco. Reconhecido por sua habilidade de tocar como se fossem duas guitarras simultaneamente, o m\u00fasico apresenta uma fus\u00e3o de jazz, pop e black music. \u00c0s 20h, <strong><span style=\"font-family: 'Arial',sans-serif;\">The Simi + Queen Iretta<\/span><\/strong> re\u00fane o talento dos irm\u00e3os Danilo e Nicolas Simi, guitarristas e produtores com s\u00f3lida trajet\u00f3ria no cen\u00e1rio do Blues e Jazz brasileiro, e da cantora norte-americana <strong><span style=\"font-family: 'Arial',sans-serif;\">Queen Iretta<\/span><\/strong>, uma das grandes vozes do blues, reconhecida por sua pot\u00eancia vocal, presen\u00e7a magn\u00e9tica e carreira internacional. A uni\u00e3o dos artistas resulta em uma apresenta\u00e7\u00e3o que transita pelo jazz, blues e soul, marcada por interpreta\u00e7\u00f5es intensas e muita intera\u00e7\u00e3o com o p\u00fablico.<\/span><\/p><p style=\"text-align: justify;\"><span style=\"font-size: 11.0pt; font-family: 'Arial',sans-serif;\">No domingo, <strong><span style=\"font-family: 'Arial',sans-serif;\">9 de agosto<\/span><\/strong>, o encerramento do festival come\u00e7a \u00e0s 16h com <strong><span style=\"font-family: 'Arial',sans-serif;\">IRW &amp; The Xperience Groov Band<\/span><\/strong>, quarteto de Blues do Vale do Para\u00edba reconhecido pela interpreta\u00e7\u00e3o de cl\u00e1ssicos do g\u00eanero e por releituras com identidade pr\u00f3pria, unindo t\u00e9cnica, improvisa\u00e7\u00e3o e diferentes influ\u00eancias musicais em suas apresenta\u00e7\u00f5es. \u00c0s 18h, <strong><span style=\"font-family: 'Arial',sans-serif;\">Ana Ca\u00f1as<\/span><\/strong> encerra a programa\u00e7\u00e3o com o espet\u00e1culo em homenagem a Rita Lee, uma das maiores compositoras e artistas da m\u00fasica brasileira. Em um show vibrante e emocionante, a cantora revisita grandes sucessos como \u201cJardins da Babil\u00f4nia\u201d, \u201cAgora S\u00f3 Falta Voc\u00ea\u201d, \u201cMania de Voc\u00ea\u201d, \u201cBalada do Louco\u201d e \u201cLan\u00e7a Perfume\u201d, celebrando diferentes fases da trajet\u00f3ria de Rita Lee, dos Mutantes \u00e0 parceria com Roberto de Carvalho.<\/span><\/p><p style=\"text-align: justify;\"><span style=\"font-size: 11.0pt; font-family: 'Arial',sans-serif;\">Com entrada gratuita, o Taubat\u00e9 Shopping Jazz &amp; Blues Festival integra a programa\u00e7\u00e3o especial de Dia dos Pais do shopping e acontece na Av. Charles Schnneider, n\u00ba 1700 &#8211; Vila Costa.<\/span><\/p><p style=\"text-align: justify;\"><span style=\"font-size: 11.0pt; font-family: 'Arial',sans-serif;\">\u00a0<\/span><\/p><p style=\"text-align: justify;\"><em><b><span style=\"font-size: 11.0pt; font-family: 'Arial',sans-serif;\">Confira a programa\u00e7\u00e3o completa do Taubat\u00e9 Shopping Jazz &amp; Blues Festival<\/span><\/b><\/em><\/p><p style=\"text-align: justify;\"><strong><span style=\"font-size: 11.0pt; font-family: 'Arial',sans-serif;\">6 de agosto (quinta-feira)<\/span><\/strong><b><span style=\"font-size: 11.0pt; font-family: 'Arial',sans-serif;\"><br \/><strong><span style=\"font-family: 'Arial',sans-serif;\">19h:<\/span><\/strong><\/span><\/b><span style=\"font-size: 11.0pt; font-family: 'Arial',sans-serif;\"> Teo Lobos Jazz Trio<\/span><\/p><p style=\"text-align: justify;\"><strong><span style=\"font-size: 11.0pt; font-family: 'Arial',sans-serif;\">7 de agosto (sexta-feira)<\/span><\/strong><b><span style=\"font-size: 11.0pt; font-family: 'Arial',sans-serif;\"><br \/><strong><span style=\"font-family: 'Arial',sans-serif;\">18h:<\/span><\/strong><\/span><\/b><span style=\"font-size: 11.0pt; font-family: 'Arial',sans-serif;\"> Vagner Mateus<br \/><strong><span style=\"font-family: 'Arial',sans-serif;\">20h:<\/span><\/strong> Vasco Fa\u00e9<\/span><\/p><p style=\"text-align: justify;\"><strong><span style=\"font-size: 11.0pt; font-family: 'Arial',sans-serif;\">8 de agosto (s\u00e1bado)<\/span><\/strong><b><span style=\"font-size: 11.0pt; font-family: 'Arial',sans-serif;\"><br \/><strong><span style=\"font-family: 'Arial',sans-serif;\">18h:<\/span><\/strong><\/span><\/b><span style=\"font-size: 11.0pt; font-family: 'Arial',sans-serif;\"> Marcinho Eiras<br \/><strong><span style=\"font-family: 'Arial',sans-serif;\">20h:<\/span><\/strong> The Simi + Queen Iretta<\/span><\/p><p style=\"text-align: justify;\"><strong><span style=\"font-size: 11.0pt; font-family: 'Arial',sans-serif;\">9 de agosto (domingo)<\/span><\/strong><b><span style=\"font-size: 11.0pt; font-family: 'Arial',sans-serif;\"><br \/><\/span><\/b><strong><span style=\"font-size: 10.0pt; font-family: 'Arial',sans-serif;\">16h:<\/span><\/strong><span style=\"font-size: 10.0pt; font-family: 'Arial',sans-serif;\"> IRW &amp; The Xperience Groov Band<br \/><strong><span style=\"font-family: 'Arial',sans-serif;\">18h:<\/span><\/strong> Ana Can\u00e3s<\/span><\/p><p style=\"text-align: justify;\"><span style=\"font-size: 11.0pt; font-family: 'Arial',sans-serif;\">\u00a0<\/span><\/p><p style=\"text-align: justify;\"><strong><span style=\"font-size: 11.0pt; font-family: 'Arial',sans-serif;\">Taubat\u00e9 Shopping<\/span><\/strong><\/p><p style=\"text-align: justify;\"><span style=\"font-size: 11.0pt; font-family: 'Arial',sans-serif;\">Com uma \u00e1rea constru\u00edda de mais de 50 mil metros quadrados, o Taubat\u00e9 Shopping est\u00e1 h\u00e1 36 anos na regi\u00e3o e gera cerca de 3 mil empregos diretos e indiretos. Sua infraestrutura inclui 200 lojas sat\u00e9lites, sete lojas \u00e2ncoras, quatro semi\u00e2ncoras, sete megalojas, cinco salas de cinema da rede Moviecom (tr\u00eas delas com tecnologia Moviecom X), boliche, a mais completa pra\u00e7a de alimenta\u00e7\u00e3o da regi\u00e3o, academia, faculdade e mais de mil vagas de estacionamento. Inaugurado em 9 de novembro de 1989, o empreendimento \u00e9 administrado pelo Grupo AD e est\u00e1 localizado na Av. Charles Schnneider, n\u00ba 1700 &#8211; Vila Costa.<\/span><\/p>\t\t\t\t\t\t\t\t<\/div>\n\t\t\t\t\t<\/div>\n\t\t\t\t<\/div>\n\t\t<div class=\"elementor-element elementor-element-4f47743f e-flex e-con-boxed wpr-particle-no wpr-jarallax-no wpr-parallax-no wpr-sticky-section-no wpr-column-slider-no wpr-equal-height-no e-con e-parent\" data-id=\"4f47743f\" data-element_type=\"container\" data-e-type=\"container\" data-settings=\"{&quot;background_background&quot;:&quot;classic&quot;}\">\n\t\t\t\t\t<div class=\"e-con-inner\">\n\t\t\t\t<div class=\"elementor-element elementor-element-3ebb41a elementor-widget elementor-widget-heading\" data-id=\"3ebb41a\" data-element_type=\"widget\" data-e-type=\"widget\" data-widget_type=\"heading.default\">\n\t\t\t\t\t<h2 class=\"elementor-heading-title elementor-size-default\">Fa\u00e7a o download do release e imagens:<\/h2>\t\t\t\t<\/div>\n\t\t\t\t<div class=\"elementor-element elementor-element-6da046a elementor-arrows-position-outside elementor-pagination-position-outside elementor-widget elementor-widget-image-carousel\" data-id=\"6da046a\" data-element_type=\"widget\" data-e-type=\"widget\" data-settings=\"{&quot;slides_to_show&quot;:&quot;4&quot;,&quot;navigation&quot;:&quot;both&quot;,&quot;speed&quot;:500}\" data-widget_type=\"image-carousel.default\">\n\t\t\t\t\t\t\t<div class=\"elementor-image-carousel-wrapper swiper\" role=\"region\" aria-roledescription=\"carousel\" aria-label=\"Carrossel de imagens\" dir=\"ltr\">\n\t\t\t<div class=\"elementor-image-carousel swiper-wrapper\" aria-live=\"polite\">\n\t\t\t\t\t\t\t\t<div class=\"swiper-slide\" role=\"group\" aria-roledescription=\"slide\" aria-label=\"1 de 15\"><a data-elementor-open-lightbox=\"yes\" data-elementor-lightbox-slideshow=\"6da046a\" data-elementor-lightbox-title=\"Ana Ca\u00f1as\" data-e-action-hash=\"#elementor-action%3Aaction%3Dlightbox%26settings%3DeyJpZCI6NDE1OCwidXJsIjoiaHR0cHM6XC9cL2NvbW11bmljYXJlYXNzZXNzb3JpYS5jb20uYnJcL2ltcHJlbnNhXC93cC1jb250ZW50XC91cGxvYWRzXC8yMDI2XC8wN1wvQW5hLUNhbmFzLmpwZWciLCJzbGlkZXNob3ciOiI2ZGEwNDZhIn0%3D\" href=\"https:\/\/communicareassessoria.com.br\/imprensa\/wp-content\/uploads\/2026\/07\/Ana-Canas.jpeg\"><figure class=\"swiper-slide-inner\"><img decoding=\"async\" class=\"swiper-slide-image\" src=\"https:\/\/communicareassessoria.com.br\/imprensa\/wp-content\/uploads\/2026\/07\/Ana-Canas-150x150.jpeg\" alt=\"Ana Ca\u00f1as\" \/><\/figure><\/a><\/div><div class=\"swiper-slide\" role=\"group\" aria-roledescription=\"slide\" aria-label=\"2 de 15\"><a data-elementor-open-lightbox=\"yes\" data-elementor-lightbox-slideshow=\"6da046a\" data-elementor-lightbox-title=\"Irwing\" data-e-action-hash=\"#elementor-action%3Aaction%3Dlightbox%26settings%3DeyJpZCI6NDE1OSwidXJsIjoiaHR0cHM6XC9cL2NvbW11bmljYXJlYXNzZXNzb3JpYS5jb20uYnJcL2ltcHJlbnNhXC93cC1jb250ZW50XC91cGxvYWRzXC8yMDI2XC8wN1wvSXJ3aW5nLmpwZWciLCJzbGlkZXNob3ciOiI2ZGEwNDZhIn0%3D\" href=\"https:\/\/communicareassessoria.com.br\/imprensa\/wp-content\/uploads\/2026\/07\/Irwing.jpeg\"><figure class=\"swiper-slide-inner\"><img decoding=\"async\" class=\"swiper-slide-image\" src=\"https:\/\/communicareassessoria.com.br\/imprensa\/wp-content\/uploads\/2026\/07\/Irwing-150x150.jpeg\" alt=\"Irwing\" \/><\/figure><\/a><\/div><div class=\"swiper-slide\" role=\"group\" aria-roledescription=\"slide\" aria-label=\"3 de 15\"><a data-elementor-open-lightbox=\"yes\" data-elementor-lightbox-slideshow=\"6da046a\" data-elementor-lightbox-title=\"Marcinho Eiras\" data-e-action-hash=\"#elementor-action%3Aaction%3Dlightbox%26settings%3DeyJpZCI6NDE2MCwidXJsIjoiaHR0cHM6XC9cL2NvbW11bmljYXJlYXNzZXNzb3JpYS5jb20uYnJcL2ltcHJlbnNhXC93cC1jb250ZW50XC91cGxvYWRzXC8yMDI2XC8wN1wvTWFyY2luaG8tRWlyYXMuanBlZyIsInNsaWRlc2hvdyI6IjZkYTA0NmEifQ%3D%3D\" href=\"https:\/\/communicareassessoria.com.br\/imprensa\/wp-content\/uploads\/2026\/07\/Marcinho-Eiras.jpeg\"><figure class=\"swiper-slide-inner\"><img decoding=\"async\" class=\"swiper-slide-image\" src=\"https:\/\/communicareassessoria.com.br\/imprensa\/wp-content\/uploads\/2026\/07\/Marcinho-Eiras-150x150.jpeg\" alt=\"Marcinho Eiras\" \/><\/figure><\/a><\/div><div class=\"swiper-slide\" role=\"group\" aria-roledescription=\"slide\" aria-label=\"4 de 15\"><a data-elementor-open-lightbox=\"yes\" data-elementor-lightbox-slideshow=\"6da046a\" data-elementor-lightbox-title=\"Queen e Bross\" data-e-action-hash=\"#elementor-action%3Aaction%3Dlightbox%26settings%3DeyJpZCI6NDE2MSwidXJsIjoiaHR0cHM6XC9cL2NvbW11bmljYXJlYXNzZXNzb3JpYS5jb20uYnJcL2ltcHJlbnNhXC93cC1jb250ZW50XC91cGxvYWRzXC8yMDI2XC8wN1wvUXVlZW4tZS1Ccm9zcy5qcGVnIiwic2xpZGVzaG93IjoiNmRhMDQ2YSJ9\" href=\"https:\/\/communicareassessoria.com.br\/imprensa\/wp-content\/uploads\/2026\/07\/Queen-e-Bross.jpeg\"><figure class=\"swiper-slide-inner\"><img decoding=\"async\" class=\"swiper-slide-image\" src=\"https:\/\/communicareassessoria.com.br\/imprensa\/wp-content\/uploads\/2026\/07\/Queen-e-Bross-150x150.jpeg\" alt=\"Queen e Bross\" \/><\/figure><\/a><\/div><div class=\"swiper-slide\" role=\"group\" aria-roledescription=\"slide\" aria-label=\"5 de 15\"><a data-elementor-open-lightbox=\"yes\" data-elementor-lightbox-slideshow=\"6da046a\" data-elementor-lightbox-title=\"Theo Lobos\" data-e-action-hash=\"#elementor-action%3Aaction%3Dlightbox%26settings%3DeyJpZCI6NDE2MiwidXJsIjoiaHR0cHM6XC9cL2NvbW11bmljYXJlYXNzZXNzb3JpYS5jb20uYnJcL2ltcHJlbnNhXC93cC1jb250ZW50XC91cGxvYWRzXC8yMDI2XC8wN1wvVGhlby1Mb2Jvcy5qcGVnIiwic2xpZGVzaG93IjoiNmRhMDQ2YSJ9\" href=\"https:\/\/communicareassessoria.com.br\/imprensa\/wp-content\/uploads\/2026\/07\/Theo-Lobos.jpeg\"><figure class=\"swiper-slide-inner\"><img decoding=\"async\" class=\"swiper-slide-image\" src=\"https:\/\/communicareassessoria.com.br\/imprensa\/wp-content\/uploads\/2026\/07\/Theo-Lobos-150x150.jpeg\" alt=\"Theo Lobos\" \/><\/figure><\/a><\/div><div class=\"swiper-slide\" role=\"group\" aria-roledescription=\"slide\" aria-label=\"6 de 15\"><a data-elementor-open-lightbox=\"yes\" data-elementor-lightbox-slideshow=\"6da046a\" data-elementor-lightbox-title=\"TSC_programa\u00e7\u00e3o (1)\" data-e-action-hash=\"#elementor-action%3Aaction%3Dlightbox%26settings%3DeyJpZCI6NDE2MywidXJsIjoiaHR0cHM6XC9cL2NvbW11bmljYXJlYXNzZXNzb3JpYS5jb20uYnJcL2ltcHJlbnNhXC93cC1jb250ZW50XC91cGxvYWRzXC8yMDI2XC8wN1wvVFNDX3Byb2dyYW1hY2FvLTEuanBlZyIsInNsaWRlc2hvdyI6IjZkYTA0NmEifQ%3D%3D\" href=\"https:\/\/communicareassessoria.com.br\/imprensa\/wp-content\/uploads\/2026\/07\/TSC_programacao-1.jpeg\"><figure class=\"swiper-slide-inner\"><img decoding=\"async\" class=\"swiper-slide-image\" src=\"https:\/\/communicareassessoria.com.br\/imprensa\/wp-content\/uploads\/2026\/07\/TSC_programacao-1-150x150.jpeg\" alt=\"TSC_programa\u00e7\u00e3o (1)\" \/><\/figure><\/a><\/div><div class=\"swiper-slide\" role=\"group\" aria-roledescription=\"slide\" aria-label=\"7 de 15\"><a data-elementor-open-lightbox=\"yes\" data-elementor-lightbox-slideshow=\"6da046a\" data-elementor-lightbox-title=\"TSC_programa\u00e7\u00e3o (2)\" data-e-action-hash=\"#elementor-action%3Aaction%3Dlightbox%26settings%3DeyJpZCI6NDE2NCwidXJsIjoiaHR0cHM6XC9cL2NvbW11bmljYXJlYXNzZXNzb3JpYS5jb20uYnJcL2ltcHJlbnNhXC93cC1jb250ZW50XC91cGxvYWRzXC8yMDI2XC8wN1wvVFNDX3Byb2dyYW1hY2FvLTIuanBlZyIsInNsaWRlc2hvdyI6IjZkYTA0NmEifQ%3D%3D\" href=\"https:\/\/communicareassessoria.com.br\/imprensa\/wp-content\/uploads\/2026\/07\/TSC_programacao-2.jpeg\"><figure class=\"swiper-slide-inner\"><img decoding=\"async\" class=\"swiper-slide-image\" src=\"https:\/\/communicareassessoria.com.br\/imprensa\/wp-content\/uploads\/2026\/07\/TSC_programacao-2-150x150.jpeg\" alt=\"TSC_programa\u00e7\u00e3o (2)\" \/><\/figure><\/a><\/div><div class=\"swiper-slide\" role=\"group\" aria-roledescription=\"slide\" aria-label=\"8 de 15\"><a data-elementor-open-lightbox=\"yes\" data-elementor-lightbox-slideshow=\"6da046a\" data-elementor-lightbox-title=\"TSC_programa\u00e7\u00e3o (3)\" data-e-action-hash=\"#elementor-action%3Aaction%3Dlightbox%26settings%3DeyJpZCI6NDE2NSwidXJsIjoiaHR0cHM6XC9cL2NvbW11bmljYXJlYXNzZXNzb3JpYS5jb20uYnJcL2ltcHJlbnNhXC93cC1jb250ZW50XC91cGxvYWRzXC8yMDI2XC8wN1wvVFNDX3Byb2dyYW1hY2FvLTMuanBlZyIsInNsaWRlc2hvdyI6IjZkYTA0NmEifQ%3D%3D\" href=\"https:\/\/communicareassessoria.com.br\/imprensa\/wp-content\/uploads\/2026\/07\/TSC_programacao-3.jpeg\"><figure class=\"swiper-slide-inner\"><img decoding=\"async\" class=\"swiper-slide-image\" src=\"https:\/\/communicareassessoria.com.br\/imprensa\/wp-content\/uploads\/2026\/07\/TSC_programacao-3-150x150.jpeg\" alt=\"TSC_programa\u00e7\u00e3o (3)\" \/><\/figure><\/a><\/div><div class=\"swiper-slide\" role=\"group\" aria-roledescription=\"slide\" aria-label=\"9 de 15\"><a data-elementor-open-lightbox=\"yes\" data-elementor-lightbox-slideshow=\"6da046a\" data-elementor-lightbox-title=\"TSC_programa\u00e7\u00e3o (4)\" data-e-action-hash=\"#elementor-action%3Aaction%3Dlightbox%26settings%3DeyJpZCI6NDE2NiwidXJsIjoiaHR0cHM6XC9cL2NvbW11bmljYXJlYXNzZXNzb3JpYS5jb20uYnJcL2ltcHJlbnNhXC93cC1jb250ZW50XC91cGxvYWRzXC8yMDI2XC8wN1wvVFNDX3Byb2dyYW1hY2FvLTQuanBlZyIsInNsaWRlc2hvdyI6IjZkYTA0NmEifQ%3D%3D\" href=\"https:\/\/communicareassessoria.com.br\/imprensa\/wp-content\/uploads\/2026\/07\/TSC_programacao-4.jpeg\"><figure class=\"swiper-slide-inner\"><img decoding=\"async\" class=\"swiper-slide-image\" src=\"https:\/\/communicareassessoria.com.br\/imprensa\/wp-content\/uploads\/2026\/07\/TSC_programacao-4-150x150.jpeg\" alt=\"TSC_programa\u00e7\u00e3o (4)\" \/><\/figure><\/a><\/div><div class=\"swiper-slide\" role=\"group\" aria-roledescription=\"slide\" aria-label=\"10 de 15\"><a data-elementor-open-lightbox=\"yes\" data-elementor-lightbox-slideshow=\"6da046a\" data-elementor-lightbox-title=\"TSC_programa\u00e7\u00e3o (5)\" data-e-action-hash=\"#elementor-action%3Aaction%3Dlightbox%26settings%3DeyJpZCI6NDE2NywidXJsIjoiaHR0cHM6XC9cL2NvbW11bmljYXJlYXNzZXNzb3JpYS5jb20uYnJcL2ltcHJlbnNhXC93cC1jb250ZW50XC91cGxvYWRzXC8yMDI2XC8wN1wvVFNDX3Byb2dyYW1hY2FvLTUuanBlZyIsInNsaWRlc2hvdyI6IjZkYTA0NmEifQ%3D%3D\" href=\"https:\/\/communicareassessoria.com.br\/imprensa\/wp-content\/uploads\/2026\/07\/TSC_programacao-5.jpeg\"><figure class=\"swiper-slide-inner\"><img decoding=\"async\" class=\"swiper-slide-image\" src=\"https:\/\/communicareassessoria.com.br\/imprensa\/wp-content\/uploads\/2026\/07\/TSC_programacao-5-150x150.jpeg\" alt=\"TSC_programa\u00e7\u00e3o (5)\" \/><\/figure><\/a><\/div><div class=\"swiper-slide\" role=\"group\" aria-roledescription=\"slide\" aria-label=\"11 de 15\"><a data-elementor-open-lightbox=\"yes\" data-elementor-lightbox-slideshow=\"6da046a\" data-elementor-lightbox-title=\"TSC_programa\u00e7\u00e3o (6)\" data-e-action-hash=\"#elementor-action%3Aaction%3Dlightbox%26settings%3DeyJpZCI6NDE2OCwidXJsIjoiaHR0cHM6XC9cL2NvbW11bmljYXJlYXNzZXNzb3JpYS5jb20uYnJcL2ltcHJlbnNhXC93cC1jb250ZW50XC91cGxvYWRzXC8yMDI2XC8wN1wvVFNDX3Byb2dyYW1hY2FvLTYuanBlZyIsInNsaWRlc2hvdyI6IjZkYTA0NmEifQ%3D%3D\" href=\"https:\/\/communicareassessoria.com.br\/imprensa\/wp-content\/uploads\/2026\/07\/TSC_programacao-6.jpeg\"><figure class=\"swiper-slide-inner\"><img decoding=\"async\" class=\"swiper-slide-image\" src=\"https:\/\/communicareassessoria.com.br\/imprensa\/wp-content\/uploads\/2026\/07\/TSC_programacao-6-150x150.jpeg\" alt=\"TSC_programa\u00e7\u00e3o (6)\" \/><\/figure><\/a><\/div><div class=\"swiper-slide\" role=\"group\" aria-roledescription=\"slide\" aria-label=\"12 de 15\"><a data-elementor-open-lightbox=\"yes\" data-elementor-lightbox-slideshow=\"6da046a\" data-elementor-lightbox-title=\"TSC_programa\u00e7\u00e3o (7)\" data-e-action-hash=\"#elementor-action%3Aaction%3Dlightbox%26settings%3DeyJpZCI6NDE2OSwidXJsIjoiaHR0cHM6XC9cL2NvbW11bmljYXJlYXNzZXNzb3JpYS5jb20uYnJcL2ltcHJlbnNhXC93cC1jb250ZW50XC91cGxvYWRzXC8yMDI2XC8wN1wvVFNDX3Byb2dyYW1hY2FvLTcuanBlZyIsInNsaWRlc2hvdyI6IjZkYTA0NmEifQ%3D%3D\" href=\"https:\/\/communicareassessoria.com.br\/imprensa\/wp-content\/uploads\/2026\/07\/TSC_programacao-7.jpeg\"><figure class=\"swiper-slide-inner\"><img decoding=\"async\" class=\"swiper-slide-image\" src=\"https:\/\/communicareassessoria.com.br\/imprensa\/wp-content\/uploads\/2026\/07\/TSC_programacao-7-150x150.jpeg\" alt=\"TSC_programa\u00e7\u00e3o (7)\" \/><\/figure><\/a><\/div><div class=\"swiper-slide\" role=\"group\" aria-roledescription=\"slide\" aria-label=\"13 de 15\"><a data-elementor-open-lightbox=\"yes\" data-elementor-lightbox-slideshow=\"6da046a\" data-elementor-lightbox-title=\"TSC_programa\u00e7\u00e3o (8)\" data-e-action-hash=\"#elementor-action%3Aaction%3Dlightbox%26settings%3DeyJpZCI6NDE3MCwidXJsIjoiaHR0cHM6XC9cL2NvbW11bmljYXJlYXNzZXNzb3JpYS5jb20uYnJcL2ltcHJlbnNhXC93cC1jb250ZW50XC91cGxvYWRzXC8yMDI2XC8wN1wvVFNDX3Byb2dyYW1hY2FvLTguanBlZyIsInNsaWRlc2hvdyI6IjZkYTA0NmEifQ%3D%3D\" href=\"https:\/\/communicareassessoria.com.br\/imprensa\/wp-content\/uploads\/2026\/07\/TSC_programacao-8.jpeg\"><figure class=\"swiper-slide-inner\"><img decoding=\"async\" class=\"swiper-slide-image\" src=\"https:\/\/communicareassessoria.com.br\/imprensa\/wp-content\/uploads\/2026\/07\/TSC_programacao-8-150x150.jpeg\" alt=\"TSC_programa\u00e7\u00e3o (8)\" \/><\/figure><\/a><\/div><div class=\"swiper-slide\" role=\"group\" aria-roledescription=\"slide\" aria-label=\"14 de 15\"><a data-elementor-open-lightbox=\"yes\" data-elementor-lightbox-slideshow=\"6da046a\" data-elementor-lightbox-title=\"Vasco Fa\u00e9\" data-e-action-hash=\"#elementor-action%3Aaction%3Dlightbox%26settings%3DeyJpZCI6NDE3MSwidXJsIjoiaHR0cHM6XC9cL2NvbW11bmljYXJlYXNzZXNzb3JpYS5jb20uYnJcL2ltcHJlbnNhXC93cC1jb250ZW50XC91cGxvYWRzXC8yMDI2XC8wN1wvVmFzY28tRmFlLmpwZyIsInNsaWRlc2hvdyI6IjZkYTA0NmEifQ%3D%3D\" href=\"https:\/\/communicareassessoria.com.br\/imprensa\/wp-content\/uploads\/2026\/07\/Vasco-Fae.jpg\"><figure class=\"swiper-slide-inner\"><img decoding=\"async\" class=\"swiper-slide-image\" src=\"https:\/\/communicareassessoria.com.br\/imprensa\/wp-content\/uploads\/2026\/07\/Vasco-Fae-150x150.jpg\" alt=\"Vasco Fa\u00e9\" \/><\/figure><\/a><\/div><div class=\"swiper-slide\" role=\"group\" aria-roledescription=\"slide\" aria-label=\"15 de 15\"><a data-elementor-open-lightbox=\"yes\" data-elementor-lightbox-slideshow=\"6da046a\" data-elementor-lightbox-title=\"Wagner Mateus\" data-e-action-hash=\"#elementor-action%3Aaction%3Dlightbox%26settings%3DeyJpZCI6NDE3MiwidXJsIjoiaHR0cHM6XC9cL2NvbW11bmljYXJlYXNzZXNzb3JpYS5jb20uYnJcL2ltcHJlbnNhXC93cC1jb250ZW50XC91cGxvYWRzXC8yMDI2XC8wN1wvV2FnbmVyLU1hdGV1cy5qcGciLCJzbGlkZXNob3ciOiI2ZGEwNDZhIn0%3D\" href=\"https:\/\/communicareassessoria.com.br\/imprensa\/wp-content\/uploads\/2026\/07\/Wagner-Mateus.jpg\"><figure class=\"swiper-slide-inner\"><img decoding=\"async\" class=\"swiper-slide-image\" src=\"https:\/\/communicareassessoria.com.br\/imprensa\/wp-content\/uploads\/2026\/07\/Wagner-Mateus-150x150.jpg\" alt=\"Wagner Mateus\" \/><\/figure><\/a><\/div>\t\t\t<\/div>\n\t\t\t\t\t\t\t\t\t\t\t\t<div class=\"elementor-swiper-button elementor-swiper-button-prev\" role=\"button\" tabindex=\"0\">\n\t\t\t\t\t\t<svg aria-hidden=\"true\" class=\"e-font-icon-svg e-eicon-chevron-left\" viewBox=\"0 0 1000 1000\" xmlns=\"http:\/\/www.w3.org\/2000\/svg\"><path d=\"M646 125C629 125 613 133 604 142L308 442C296 454 292 471 292 487 292 504 296 521 308 533L604 854C617 867 629 875 646 875 663 875 679 871 692 858 704 846 713 829 713 812 713 796 708 779 692 767L438 487 692 225C700 217 708 204 708 187 708 171 704 154 692 142 675 129 663 125 646 125Z\"><\/path><\/svg>\t\t\t\t\t<\/div>\n\t\t\t\t\t<div class=\"elementor-swiper-button elementor-swiper-button-next\" role=\"button\" tabindex=\"0\">\n\t\t\t\t\t\t<svg aria-hidden=\"true\" class=\"e-font-icon-svg e-eicon-chevron-right\" viewBox=\"0 0 1000 1000\" xmlns=\"http:\/\/www.w3.org\/2000\/svg\"><path d=\"M696 533C708 521 713 504 713 487 713 471 708 454 696 446L400 146C388 133 375 125 354 125 338 125 325 129 313 142 300 154 292 171 292 187 292 204 296 221 308 233L563 492 304 771C292 783 288 800 288 817 288 833 296 850 308 863 321 871 338 875 354 875 371 875 388 867 400 854L696 533Z\"><\/path><\/svg>\t\t\t\t\t<\/div>\n\t\t\t\t\n\t\t\t\t\t\t\t\t\t<div class=\"swiper-pagination\"><\/div>\n\t\t\t\t\t\t\t\t\t<\/div>\n\t\t\t\t\t\t<\/div>\n\t\t\t\t<div class=\"elementor-element elementor-element-d894230 elementor-align-left elementor-mobile-align-center elementor-widget elementor-widget-button\" data-id=\"d894230\" data-element_type=\"widget\" data-e-type=\"widget\" data-widget_type=\"button.default\">\n\t\t\t\t\t\t\t\t\t\t<a class=\"elementor-button elementor-button-link elementor-size-sm\" href=\"https:\/\/communicareassessoria.com.br\/imprensa\/wp-content\/uploads\/2026\/02\/Moviecom-todos-TSC.pdf\" target=\"_blank\">\n\t\t\t\t\t\t<span class=\"elementor-button-content-wrapper\">\n\t\t\t\t\t\t\t\t\t<span class=\"elementor-button-text\">Acesse os arquivos de m\u00eddia<\/span>\n\t\t\t\t\t<\/span>\n\t\t\t\t\t<\/a>\n\t\t\t\t\t\t\t\t<\/div>\n\t\t\t\t\t<\/div>\n\t\t\t\t<\/div>\n\t\t\t\t<\/div>\n\t\t","protected":false},"excerpt":{"rendered":"<p>Programa\u00e7\u00e3o valoriza a diversidade do jazz, blues e suas conex\u00f5es com diferentes vertentes da m\u00fasica, reunindo artistas consagrados em quatro dias de apresenta\u00e7\u00f5es gratuitas O Taubat\u00e9 Shopping, administrado pelo Grupo AD, apresenta a curadoria art\u00edstica da edi\u00e7\u00e3o 2026 do Taubat\u00e9 Shopping Jazz &amp; Blues Festival, que ser\u00e1 realizado entre os dias 6 e 9 de agosto. A programa\u00e7\u00e3o re\u00fane grandes nomes do jazz, blues e suas conex\u00f5es com diferentes vertentes da m\u00fasica, com artistas de diferentes gera\u00e7\u00f5es e trajet\u00f3rias reconhecidas no cen\u00e1rio musical brasileiro e internacional. Pensado para oferecer ao p\u00fablico uma experi\u00eancia musical de alto n\u00edvel, o festival promove quatro dias de apresenta\u00e7\u00f5es gratuitas com estilos, influ\u00eancias e interpreta\u00e7\u00f5es que celebram a riqueza desses g\u00eaneros. A sele\u00e7\u00e3o art\u00edstica valoriza nomes que transitam por diferentes refer\u00eancias do blues e do jazz, al\u00e9m de artistas reconhecidos pela inova\u00e7\u00e3o t\u00e9cnica e pela fus\u00e3o de estilos. A curadoria busca aproximar o p\u00fablico de apresenta\u00e7\u00f5es marcadas pela excel\u00eancia musical e originalidade. \u201cO festival foi pensado para oferecer ao p\u00fablico uma experi\u00eancia cultural completa, com artistas que possuem trajet\u00f3rias relevantes e apresenta\u00e7\u00f5es de alto n\u00edvel\u201d, destaca Lilian Giacomini, Coordenadora de Marketing do Taubat\u00e9 Shopping. \u201cA programa\u00e7\u00e3o tamb\u00e9m foi constru\u00edda para valorizar a diversidade art\u00edstica e proporcionar ao p\u00fablico encontros marcantes com a m\u00fasica brasileira e internacional.\u201d \u00a0 A programa\u00e7\u00e3o art\u00edstica do festival O evento tem in\u00edcio na quarta-feira, 6 de agosto, \u00e0s 19h, com o Teo Lobos Jazz Trio, forma\u00e7\u00e3o reconhecida pela interpreta\u00e7\u00e3o refinada do Gypsy Jazz, Swing, Bossa Nova e Samba, unindo t\u00e9cnica apurada e sensibilidade musical. Na sexta-feira, 7 de agosto, a programa\u00e7\u00e3o come\u00e7a \u00e0s 18h com Vagner Mateus, m\u00fasico, compositor e instrumentista reconhecido por sua trajet\u00f3ria no Blues e pela capacidade de explorar diferentes influ\u00eancias sonoras com autenticidade. \u00c0s 20h, Vasco Fa\u00e9 sobe ao palco com uma apresenta\u00e7\u00e3o marcada pela combina\u00e7\u00e3o de voz, guitarra, gaita e percuss\u00e3o executadas pelo pr\u00f3prio m\u00fasico em uma performance \u00fanica. Por seu trabalho no formato one man band, ficou conhecido como \u201cManoblues\u201d e se consolidou como um dos nomes de destaque do blues nacional. O s\u00e1bado, 8 de agosto, tamb\u00e9m ser\u00e1 dedicado a encontros musicais. \u00c0s 18h, Marcinho Eiras, mestre das cordas e pioneiro na t\u00e9cnica Two Handed Tapping, sobe ao palco. Reconhecido por sua habilidade de tocar como se fossem duas guitarras simultaneamente, o m\u00fasico apresenta uma fus\u00e3o de jazz, pop e black music. \u00c0s 20h, The Simi + Queen Iretta re\u00fane o talento dos irm\u00e3os Danilo e Nicolas Simi, guitarristas e produtores com s\u00f3lida trajet\u00f3ria no cen\u00e1rio do Blues e Jazz brasileiro, e da cantora norte-americana Queen Iretta, uma das grandes vozes do blues, reconhecida por sua pot\u00eancia vocal, presen\u00e7a magn\u00e9tica e carreira internacional. A uni\u00e3o dos artistas resulta em uma apresenta\u00e7\u00e3o que transita pelo jazz, blues e soul, marcada por interpreta\u00e7\u00f5es intensas e muita intera\u00e7\u00e3o com o p\u00fablico. No domingo, 9 de agosto, o encerramento do festival come\u00e7a \u00e0s 16h com IRW &amp; The Xperience Groov Band, quarteto de Blues do Vale do Para\u00edba reconhecido pela interpreta\u00e7\u00e3o de cl\u00e1ssicos do g\u00eanero e por releituras com identidade pr\u00f3pria, unindo t\u00e9cnica, improvisa\u00e7\u00e3o e diferentes influ\u00eancias musicais em suas apresenta\u00e7\u00f5es. \u00c0s 18h, Ana Ca\u00f1as encerra a programa\u00e7\u00e3o com o espet\u00e1culo em homenagem a Rita Lee, uma das maiores compositoras e artistas da m\u00fasica brasileira. Em um show vibrante e emocionante, a cantora revisita grandes sucessos como \u201cJardins da Babil\u00f4nia\u201d, \u201cAgora S\u00f3 Falta Voc\u00ea\u201d, \u201cMania de Voc\u00ea\u201d, \u201cBalada do Louco\u201d e \u201cLan\u00e7a Perfume\u201d, celebrando diferentes fases da trajet\u00f3ria de Rita Lee, dos Mutantes \u00e0 parceria com Roberto de Carvalho. Com entrada gratuita, o Taubat\u00e9 Shopping Jazz &amp; Blues Festival integra a programa\u00e7\u00e3o especial de Dia dos Pais do shopping e acontece na Av. Charles Schnneider, n\u00ba 1700 &#8211; Vila Costa. \u00a0 Confira a programa\u00e7\u00e3o completa do Taubat\u00e9 Shopping Jazz &amp; Blues Festival 6 de agosto (quinta-feira)19h: Teo Lobos Jazz Trio 7 de agosto (sexta-feira)18h: Vagner Mateus20h: Vasco Fa\u00e9 8 de agosto (s\u00e1bado)18h: Marcinho Eiras20h: The Simi + Queen Iretta 9 de agosto (domingo)16h: IRW &amp; The Xperience Groov Band18h: Ana Can\u00e3s \u00a0 Taubat\u00e9 Shopping Com uma \u00e1rea constru\u00edda de mais de 50 mil metros quadrados, o Taubat\u00e9 Shopping est\u00e1 h\u00e1 36 anos na regi\u00e3o e gera cerca de 3 mil empregos diretos e indiretos. Sua infraestrutura inclui 200 lojas sat\u00e9lites, sete lojas \u00e2ncoras, quatro semi\u00e2ncoras, sete megalojas, cinco salas de cinema da rede Moviecom (tr\u00eas delas com tecnologia Moviecom X), boliche, a mais completa pra\u00e7a de alimenta\u00e7\u00e3o da regi\u00e3o, academia, faculdade e mais de mil vagas de estacionamento. Inaugurado em 9 de novembro de 1989, o empreendimento \u00e9 administrado pelo Grupo AD e est\u00e1 localizado na Av. Charles Schnneider, n\u00ba 1700 &#8211; Vila Costa. Fa\u00e7a o download do release e imagens: Acesse os arquivos de m\u00eddia<\/p>\n","protected":false},"author":2,"featured_media":4165,"comment_status":"open","ping_status":"open","sticky":false,"template":"","format":"standard","meta":{"footnotes":""},"categories":[5],"tags":[284,114,283],"class_list":["post-4156","post","type-post","status-publish","format-standard","has-post-thumbnail","hentry","category-taubate-shopping","tag-blues","tag-festival","tag-jazz"],"_links":{"self":[{"href":"https:\/\/communicareassessoria.com.br\/imprensa\/wp-json\/wp\/v2\/posts\/4156","targetHints":{"allow":["GET"]}}],"collection":[{"href":"https:\/\/communicareassessoria.com.br\/imprensa\/wp-json\/wp\/v2\/posts"}],"about":[{"href":"https:\/\/communicareassessoria.com.br\/imprensa\/wp-json\/wp\/v2\/types\/post"}],"author":[{"embeddable":true,"href":"https:\/\/communicareassessoria.com.br\/imprensa\/wp-json\/wp\/v2\/users\/2"}],"replies":[{"embeddable":true,"href":"https:\/\/communicareassessoria.com.br\/imprensa\/wp-json\/wp\/v2\/comments?post=4156"}],"version-history":[{"count":4,"href":"https:\/\/communicareassessoria.com.br\/imprensa\/wp-json\/wp\/v2\/posts\/4156\/revisions"}],"predecessor-version":[{"id":4175,"href":"https:\/\/communicareassessoria.com.br\/imprensa\/wp-json\/wp\/v2\/posts\/4156\/revisions\/4175"}],"wp:featuredmedia":[{"embeddable":true,"href":"https:\/\/communicareassessoria.com.br\/imprensa\/wp-json\/wp\/v2\/media\/4165"}],"wp:attachment":[{"href":"https:\/\/communicareassessoria.com.br\/imprensa\/wp-json\/wp\/v2\/media?parent=4156"}],"wp:term":[{"taxonomy":"category","embeddable":true,"href":"https:\/\/communicareassessoria.com.br\/imprensa\/wp-json\/wp\/v2\/categories?post=4156"},{"taxonomy":"post_tag","embeddable":true,"href":"https:\/\/communicareassessoria.com.br\/imprensa\/wp-json\/wp\/v2\/tags?post=4156"}],"curies":[{"name":"wp","href":"https:\/\/api.w.org\/{rel}","templated":true}]}}