{"id":4292,"date":"2026-08-10T17:52:59","date_gmt":"2026-08-10T17:52:59","guid":{"rendered":"https:\/\/communicareassessoria.com.br\/imprensa\/?p=4292"},"modified":"2026-08-10T18:12:21","modified_gmt":"2026-08-10T18:12:21","slug":"taubate-shopping-jazz-blues-festival-encerra-edicao-marcada-por-grandes-apresentacoes-e-encontros-musicais","status":"publish","type":"post","link":"https:\/\/communicareassessoria.com.br\/imprensa\/taubate-shopping-jazz-blues-festival-encerra-edicao-marcada-por-grandes-apresentacoes-e-encontros-musicais\/","title":{"rendered":"Taubat\u00e9 Shopping Jazz &#038; Blues Festival encerra edi\u00e7\u00e3o marcada por grandes apresenta\u00e7\u00f5es e encontros musicais"},"content":{"rendered":"\t\t<div data-elementor-type=\"wp-post\" data-elementor-id=\"4292\" class=\"elementor elementor-4292\">\n\t\t\t\t<div class=\"elementor-element elementor-element-bb54d89 e-flex e-con-boxed wpr-particle-no wpr-jarallax-no wpr-parallax-no wpr-sticky-section-no wpr-column-slider-no wpr-equal-height-no e-con e-parent\" data-id=\"bb54d89\" data-element_type=\"container\" data-e-type=\"container\">\n\t\t\t\t\t<div class=\"e-con-inner\">\n\t\t\t\t<div class=\"elementor-element elementor-element-ac324b5 elementor-widget elementor-widget-text-editor\" data-id=\"ac324b5\" data-element_type=\"widget\" data-e-type=\"widget\" data-widget_type=\"text-editor.default\">\n\t\t\t\t\t\t\t\t\t<p><em>Ana Ca\u00f1as fechou o evento no Dia dos Pais com uma emocionante homenagem a Rita Lee<\/em><\/p><p><em>\u00a0<\/em><\/p><p>O <strong>Taubat\u00e9 Shopping Jazz &amp; Blues Festival<\/strong> chegou ao fim no \u00faltimo domingo (9), Dia dos Pais, ap\u00f3s quatro dias de apresenta\u00e7\u00f5es gratuitas que reuniram artistas de diferentes trajet\u00f3rias e refer\u00eancias musicais. Realizado pelo <strong>Taubat\u00e9 Shopping<\/strong>, administrado pelo Grupo AD, o festival proporcionou ao p\u00fablico uma programa\u00e7\u00e3o dedicada ao jazz, blues e suas conex\u00f5es, com nomes de destaque da m\u00fasica nacional e internacional.<\/p><p>\u00a0<\/p><p>Nos dois primeiros dias, o p\u00fablico acompanhou apresenta\u00e7\u00f5es que deram o tom da programa\u00e7\u00e3o, explorando diferentes sonoridades e formas de interpretar o jazz e o blues. A abertura ficou por conta do <strong>Teo Lobos Jazz Trio<\/strong>, que passeou pelo Gypsy Jazz, Swing, Bossa Nova e Samba, enquanto <strong>Vagner Mateus<\/strong> trouxe ao palco sua experi\u00eancia e identidade no blues. Na sequ\u00eancia, <strong>Vasco Fa\u00e9<\/strong> apresentou seu trabalho no formato <em>one man band<\/em>, reunindo voz, guitarra, gaita e percuss\u00e3o em uma performance que evidenciou a versatilidade do m\u00fasico.<\/p><p>\u00a0<\/p><p>O terceiro dia do festival, realizado no s\u00e1bado (8), foi marcado por duas apresenta\u00e7\u00f5es que tamb\u00e9m destacaram t\u00e9cnica, criatividade e diferentes influ\u00eancias musicais. A programa\u00e7\u00e3o come\u00e7ou com <strong>Marcinho Eiras<\/strong>, mestre das cordas e pioneiro na t\u00e9cnica <em>Two Handed Tapping<\/em>. Na sequ\u00eancia, <strong>The Simi Brothers + Queen Iretta<\/strong> levaram ao palco um encontro entre os irm\u00e3os Danilo e Nicolas Simi, guitarristas e produtores com trajet\u00f3ria no blues e jazz brasileiro, e a cantora norte-americana <strong>Queen Iretta<\/strong>, reconhecida por sua pot\u00eancia vocal, presen\u00e7a marcante e carreira internacional.<\/p><p>\u00a0<\/p><p>O \u00faltimo dia come\u00e7ou com a <strong>IRW &amp; The Xperience Groov Band<\/strong>, quarteto de blues do Vale do Para\u00edba que levou ao palco cl\u00e1ssicos do g\u00eanero e releituras com identidade pr\u00f3pria. Por fim, uma das atra\u00e7\u00f5es mais aguardadas, <strong>Ana Ca\u00f1as<\/strong> fechou o festival no Dia dos Pais com uma emocionante homenagem a Rita Lee, uma das maiores compositoras e artistas da m\u00fasica brasileira. Em um espet\u00e1culo vibrante, a cantora revisitou sucessos como \u201cJardins da Babil\u00f4nia\u201d, \u201cAgora S\u00f3 Falta Voc\u00ea\u201d, \u201cMania de Voc\u00ea\u201d, \u201cBalada do Louco\u201d e \u201cLan\u00e7a Perfume\u201d, celebrando diferentes momentos da trajet\u00f3ria da artista.<\/p><p>\u00a0<\/p><p>&#8220;Chegamos ao \u00faltimo dia de uma edi\u00e7\u00e3o muito especial do Taubat\u00e9 Shopping Jazz &amp; Blues Festival. Ao longo da programa\u00e7\u00e3o, recebemos artistas renomados e proporcionamos aos clientes uma experi\u00eancia cultural de qualidade totalmente gratuita. Encerramos com a sensa\u00e7\u00e3o de dever cumprido e de que o festival cumpriu seu papel de aproximar a m\u00fasica de diferentes p\u00fablicos, criando momentos de conex\u00e3o, cultura e entretenimento para a regi\u00e3o&#8221;, destaca Lilian Giacomini, Coordenadora de Marketing do Taubat\u00e9 Shopping.<\/p><p>\u00a0<\/p><p><strong>Taubat\u00e9 Shopping<\/strong><\/p><p>Com uma \u00e1rea constru\u00edda de mais de 50 mil metros quadrados, o Taubat\u00e9 Shopping est\u00e1 h\u00e1 36 anos na regi\u00e3o e gera cerca de 3 mil empregos diretos e indiretos. Sua infraestrutura inclui 200 lojas sat\u00e9lites, sete lojas \u00e2ncoras, quatro semi\u00e2ncoras, sete megalojas, cinco salas de cinema da rede Moviecom (tr\u00eas delas com tecnologia Moviecom X), boliche, a mais completa pra\u00e7a de alimenta\u00e7\u00e3o da regi\u00e3o, academia, faculdade e mais de mil vagas de estacionamento. Inaugurado em 9 de novembro de 1989, o empreendimento \u00e9 administrado pelo Grupo AD e est\u00e1 localizado na Av. Charles Schnneider, n\u00ba 1700 &#8211; Vila Costa.<\/p>\t\t\t\t\t\t\t\t<\/div>\n\t\t\t\t\t<\/div>\n\t\t\t\t<\/div>\n\t\t<div class=\"elementor-element elementor-element-4f47743f e-flex e-con-boxed wpr-particle-no wpr-jarallax-no wpr-parallax-no wpr-sticky-section-no wpr-column-slider-no wpr-equal-height-no e-con e-parent\" data-id=\"4f47743f\" data-element_type=\"container\" data-e-type=\"container\" data-settings=\"{&quot;background_background&quot;:&quot;classic&quot;}\">\n\t\t\t\t\t<div class=\"e-con-inner\">\n\t\t\t\t<div class=\"elementor-element elementor-element-3ebb41a elementor-widget elementor-widget-heading\" data-id=\"3ebb41a\" data-element_type=\"widget\" data-e-type=\"widget\" data-widget_type=\"heading.default\">\n\t\t\t\t\t<h2 class=\"elementor-heading-title elementor-size-default\">Fa\u00e7a o download do release e imagens:<\/h2>\t\t\t\t<\/div>\n\t\t\t\t<div class=\"elementor-element elementor-element-6da046a elementor-arrows-position-outside elementor-pagination-position-outside elementor-widget elementor-widget-image-carousel\" data-id=\"6da046a\" data-element_type=\"widget\" data-e-type=\"widget\" data-settings=\"{&quot;slides_to_show&quot;:&quot;4&quot;,&quot;navigation&quot;:&quot;both&quot;,&quot;speed&quot;:500}\" data-widget_type=\"image-carousel.default\">\n\t\t\t\t\t\t\t<div class=\"elementor-image-carousel-wrapper swiper\" role=\"region\" aria-roledescription=\"carousel\" aria-label=\"Carrossel de imagens\" dir=\"ltr\">\n\t\t\t<div class=\"elementor-image-carousel swiper-wrapper\" aria-live=\"polite\">\n\t\t\t\t\t\t\t\t<div class=\"swiper-slide\" role=\"group\" aria-roledescription=\"slide\" aria-label=\"1 de 25\"><a data-elementor-open-lightbox=\"yes\" data-elementor-lightbox-slideshow=\"6da046a\" data-elementor-lightbox-title=\"TSC_festival de jazz_dia 1 (2)\" data-e-action-hash=\"#elementor-action%3Aaction%3Dlightbox%26settings%3DeyJpZCI6NDI3NiwidXJsIjoiaHR0cHM6XC9cL2NvbW11bmljYXJlYXNzZXNzb3JpYS5jb20uYnJcL2ltcHJlbnNhXC93cC1jb250ZW50XC91cGxvYWRzXC8yMDI2XC8wOFwvVFNDX2Zlc3RpdmFsLWRlLWphenpfZGlhLTEtMi5qcGVnIiwic2xpZGVzaG93IjoiNmRhMDQ2YSJ9\" href=\"https:\/\/communicareassessoria.com.br\/imprensa\/wp-content\/uploads\/2026\/08\/TSC_festival-de-jazz_dia-1-2.jpeg\"><figure class=\"swiper-slide-inner\"><img decoding=\"async\" class=\"swiper-slide-image\" src=\"https:\/\/communicareassessoria.com.br\/imprensa\/wp-content\/uploads\/2026\/08\/TSC_festival-de-jazz_dia-1-2-150x150.jpeg\" alt=\"TSC_festival de jazz_dia 1 (2)\" \/><\/figure><\/a><\/div><div class=\"swiper-slide\" role=\"group\" aria-roledescription=\"slide\" aria-label=\"2 de 25\"><a data-elementor-open-lightbox=\"yes\" data-elementor-lightbox-slideshow=\"6da046a\" data-elementor-lightbox-title=\"TSC_festival de jazz_dia 1 (3)\" data-e-action-hash=\"#elementor-action%3Aaction%3Dlightbox%26settings%3DeyJpZCI6NDI3NywidXJsIjoiaHR0cHM6XC9cL2NvbW11bmljYXJlYXNzZXNzb3JpYS5jb20uYnJcL2ltcHJlbnNhXC93cC1jb250ZW50XC91cGxvYWRzXC8yMDI2XC8wOFwvVFNDX2Zlc3RpdmFsLWRlLWphenpfZGlhLTEtMy5qcGVnIiwic2xpZGVzaG93IjoiNmRhMDQ2YSJ9\" href=\"https:\/\/communicareassessoria.com.br\/imprensa\/wp-content\/uploads\/2026\/08\/TSC_festival-de-jazz_dia-1-3.jpeg\"><figure class=\"swiper-slide-inner\"><img decoding=\"async\" class=\"swiper-slide-image\" src=\"https:\/\/communicareassessoria.com.br\/imprensa\/wp-content\/uploads\/2026\/08\/TSC_festival-de-jazz_dia-1-3-150x150.jpeg\" alt=\"TSC_festival de jazz_dia 1 (3)\" \/><\/figure><\/a><\/div><div class=\"swiper-slide\" role=\"group\" aria-roledescription=\"slide\" aria-label=\"3 de 25\"><a data-elementor-open-lightbox=\"yes\" data-elementor-lightbox-slideshow=\"6da046a\" data-elementor-lightbox-title=\"TSC_festival de jazz_dia 1 (4)\" data-e-action-hash=\"#elementor-action%3Aaction%3Dlightbox%26settings%3DeyJpZCI6NDI3OCwidXJsIjoiaHR0cHM6XC9cL2NvbW11bmljYXJlYXNzZXNzb3JpYS5jb20uYnJcL2ltcHJlbnNhXC93cC1jb250ZW50XC91cGxvYWRzXC8yMDI2XC8wOFwvVFNDX2Zlc3RpdmFsLWRlLWphenpfZGlhLTEtNC5qcGVnIiwic2xpZGVzaG93IjoiNmRhMDQ2YSJ9\" href=\"https:\/\/communicareassessoria.com.br\/imprensa\/wp-content\/uploads\/2026\/08\/TSC_festival-de-jazz_dia-1-4.jpeg\"><figure class=\"swiper-slide-inner\"><img decoding=\"async\" class=\"swiper-slide-image\" src=\"https:\/\/communicareassessoria.com.br\/imprensa\/wp-content\/uploads\/2026\/08\/TSC_festival-de-jazz_dia-1-4-150x150.jpeg\" alt=\"TSC_festival de jazz_dia 1 (4)\" \/><\/figure><\/a><\/div><div class=\"swiper-slide\" role=\"group\" aria-roledescription=\"slide\" aria-label=\"4 de 25\"><a data-elementor-open-lightbox=\"yes\" data-elementor-lightbox-slideshow=\"6da046a\" data-elementor-lightbox-title=\"TSC_festival de jazz_dia 1 (5)\" data-e-action-hash=\"#elementor-action%3Aaction%3Dlightbox%26settings%3DeyJpZCI6NDI3OSwidXJsIjoiaHR0cHM6XC9cL2NvbW11bmljYXJlYXNzZXNzb3JpYS5jb20uYnJcL2ltcHJlbnNhXC93cC1jb250ZW50XC91cGxvYWRzXC8yMDI2XC8wOFwvVFNDX2Zlc3RpdmFsLWRlLWphenpfZGlhLTEtNS5qcGVnIiwic2xpZGVzaG93IjoiNmRhMDQ2YSJ9\" href=\"https:\/\/communicareassessoria.com.br\/imprensa\/wp-content\/uploads\/2026\/08\/TSC_festival-de-jazz_dia-1-5.jpeg\"><figure class=\"swiper-slide-inner\"><img decoding=\"async\" class=\"swiper-slide-image\" src=\"https:\/\/communicareassessoria.com.br\/imprensa\/wp-content\/uploads\/2026\/08\/TSC_festival-de-jazz_dia-1-5-150x150.jpeg\" alt=\"TSC_festival de jazz_dia 1 (5)\" \/><\/figure><\/a><\/div><div class=\"swiper-slide\" role=\"group\" aria-roledescription=\"slide\" aria-label=\"5 de 25\"><a data-elementor-open-lightbox=\"yes\" data-elementor-lightbox-slideshow=\"6da046a\" data-elementor-lightbox-title=\"TSC_festival de jazz_dia 1 (6)\" data-e-action-hash=\"#elementor-action%3Aaction%3Dlightbox%26settings%3DeyJpZCI6NDI4MCwidXJsIjoiaHR0cHM6XC9cL2NvbW11bmljYXJlYXNzZXNzb3JpYS5jb20uYnJcL2ltcHJlbnNhXC93cC1jb250ZW50XC91cGxvYWRzXC8yMDI2XC8wOFwvVFNDX2Zlc3RpdmFsLWRlLWphenpfZGlhLTEtNi5qcGVnIiwic2xpZGVzaG93IjoiNmRhMDQ2YSJ9\" href=\"https:\/\/communicareassessoria.com.br\/imprensa\/wp-content\/uploads\/2026\/08\/TSC_festival-de-jazz_dia-1-6.jpeg\"><figure class=\"swiper-slide-inner\"><img decoding=\"async\" class=\"swiper-slide-image\" src=\"https:\/\/communicareassessoria.com.br\/imprensa\/wp-content\/uploads\/2026\/08\/TSC_festival-de-jazz_dia-1-6-150x150.jpeg\" alt=\"TSC_festival de jazz_dia 1 (6)\" \/><\/figure><\/a><\/div><div class=\"swiper-slide\" role=\"group\" aria-roledescription=\"slide\" aria-label=\"6 de 25\"><a data-elementor-open-lightbox=\"yes\" data-elementor-lightbox-slideshow=\"6da046a\" data-elementor-lightbox-title=\"TSC_festival de jazz_dia 1 (1)\" data-e-action-hash=\"#elementor-action%3Aaction%3Dlightbox%26settings%3DeyJpZCI6NDI4MSwidXJsIjoiaHR0cHM6XC9cL2NvbW11bmljYXJlYXNzZXNzb3JpYS5jb20uYnJcL2ltcHJlbnNhXC93cC1jb250ZW50XC91cGxvYWRzXC8yMDI2XC8wOFwvVFNDX2Zlc3RpdmFsLWRlLWphenpfZGlhLTEtMS5qcGVnIiwic2xpZGVzaG93IjoiNmRhMDQ2YSJ9\" href=\"https:\/\/communicareassessoria.com.br\/imprensa\/wp-content\/uploads\/2026\/08\/TSC_festival-de-jazz_dia-1-1.jpeg\"><figure class=\"swiper-slide-inner\"><img decoding=\"async\" class=\"swiper-slide-image\" src=\"https:\/\/communicareassessoria.com.br\/imprensa\/wp-content\/uploads\/2026\/08\/TSC_festival-de-jazz_dia-1-1-150x150.jpeg\" alt=\"TSC_festival de jazz_dia 1 (1)\" \/><\/figure><\/a><\/div><div class=\"swiper-slide\" role=\"group\" aria-roledescription=\"slide\" aria-label=\"7 de 25\"><a data-elementor-open-lightbox=\"yes\" data-elementor-lightbox-slideshow=\"6da046a\" data-elementor-lightbox-title=\"TSC_festival de jazz_dia 2 (3)\" data-e-action-hash=\"#elementor-action%3Aaction%3Dlightbox%26settings%3DeyJpZCI6NDI4MiwidXJsIjoiaHR0cHM6XC9cL2NvbW11bmljYXJlYXNzZXNzb3JpYS5jb20uYnJcL2ltcHJlbnNhXC93cC1jb250ZW50XC91cGxvYWRzXC8yMDI2XC8wOFwvVFNDX2Zlc3RpdmFsLWRlLWphenpfZGlhLTItMy1zY2FsZWQuanBnIiwic2xpZGVzaG93IjoiNmRhMDQ2YSJ9\" href=\"https:\/\/communicareassessoria.com.br\/imprensa\/wp-content\/uploads\/2026\/08\/TSC_festival-de-jazz_dia-2-3-scaled.jpg\"><figure class=\"swiper-slide-inner\"><img decoding=\"async\" class=\"swiper-slide-image\" src=\"https:\/\/communicareassessoria.com.br\/imprensa\/wp-content\/uploads\/2026\/08\/TSC_festival-de-jazz_dia-2-3-150x150.jpg\" alt=\"TSC_festival de jazz_dia 2 (3)\" \/><\/figure><\/a><\/div><div class=\"swiper-slide\" role=\"group\" aria-roledescription=\"slide\" aria-label=\"8 de 25\"><a data-elementor-open-lightbox=\"yes\" data-elementor-lightbox-slideshow=\"6da046a\" data-elementor-lightbox-title=\"TSC_festival de jazz_dia 2 (2)\" data-e-action-hash=\"#elementor-action%3Aaction%3Dlightbox%26settings%3DeyJpZCI6NDI4MywidXJsIjoiaHR0cHM6XC9cL2NvbW11bmljYXJlYXNzZXNzb3JpYS5jb20uYnJcL2ltcHJlbnNhXC93cC1jb250ZW50XC91cGxvYWRzXC8yMDI2XC8wOFwvVFNDX2Zlc3RpdmFsLWRlLWphenpfZGlhLTItMi1zY2FsZWQuanBnIiwic2xpZGVzaG93IjoiNmRhMDQ2YSJ9\" href=\"https:\/\/communicareassessoria.com.br\/imprensa\/wp-content\/uploads\/2026\/08\/TSC_festival-de-jazz_dia-2-2-scaled.jpg\"><figure class=\"swiper-slide-inner\"><img decoding=\"async\" class=\"swiper-slide-image\" src=\"https:\/\/communicareassessoria.com.br\/imprensa\/wp-content\/uploads\/2026\/08\/TSC_festival-de-jazz_dia-2-2-150x150.jpg\" alt=\"TSC_festival de jazz_dia 2 (2)\" \/><\/figure><\/a><\/div><div class=\"swiper-slide\" role=\"group\" aria-roledescription=\"slide\" aria-label=\"9 de 25\"><a data-elementor-open-lightbox=\"yes\" data-elementor-lightbox-slideshow=\"6da046a\" data-elementor-lightbox-title=\"TSC_festival de jazz_dia 2 (1)\" data-e-action-hash=\"#elementor-action%3Aaction%3Dlightbox%26settings%3DeyJpZCI6NDI4NCwidXJsIjoiaHR0cHM6XC9cL2NvbW11bmljYXJlYXNzZXNzb3JpYS5jb20uYnJcL2ltcHJlbnNhXC93cC1jb250ZW50XC91cGxvYWRzXC8yMDI2XC8wOFwvVFNDX2Zlc3RpdmFsLWRlLWphenpfZGlhLTItMS1zY2FsZWQuanBnIiwic2xpZGVzaG93IjoiNmRhMDQ2YSJ9\" href=\"https:\/\/communicareassessoria.com.br\/imprensa\/wp-content\/uploads\/2026\/08\/TSC_festival-de-jazz_dia-2-1-scaled.jpg\"><figure class=\"swiper-slide-inner\"><img decoding=\"async\" class=\"swiper-slide-image\" src=\"https:\/\/communicareassessoria.com.br\/imprensa\/wp-content\/uploads\/2026\/08\/TSC_festival-de-jazz_dia-2-1-150x150.jpg\" alt=\"TSC_festival de jazz_dia 2 (1)\" \/><\/figure><\/a><\/div><div class=\"swiper-slide\" role=\"group\" aria-roledescription=\"slide\" aria-label=\"10 de 25\"><a data-elementor-open-lightbox=\"yes\" data-elementor-lightbox-slideshow=\"6da046a\" data-elementor-lightbox-title=\"TSC_festival de jazz_dia 2 (7)\" data-e-action-hash=\"#elementor-action%3Aaction%3Dlightbox%26settings%3DeyJpZCI6NDI4NSwidXJsIjoiaHR0cHM6XC9cL2NvbW11bmljYXJlYXNzZXNzb3JpYS5jb20uYnJcL2ltcHJlbnNhXC93cC1jb250ZW50XC91cGxvYWRzXC8yMDI2XC8wOFwvVFNDX2Zlc3RpdmFsLWRlLWphenpfZGlhLTItNy1zY2FsZWQuanBnIiwic2xpZGVzaG93IjoiNmRhMDQ2YSJ9\" href=\"https:\/\/communicareassessoria.com.br\/imprensa\/wp-content\/uploads\/2026\/08\/TSC_festival-de-jazz_dia-2-7-scaled.jpg\"><figure class=\"swiper-slide-inner\"><img decoding=\"async\" class=\"swiper-slide-image\" src=\"https:\/\/communicareassessoria.com.br\/imprensa\/wp-content\/uploads\/2026\/08\/TSC_festival-de-jazz_dia-2-7-150x150.jpg\" alt=\"TSC_festival de jazz_dia 2 (7)\" \/><\/figure><\/a><\/div><div class=\"swiper-slide\" role=\"group\" aria-roledescription=\"slide\" aria-label=\"11 de 25\"><a data-elementor-open-lightbox=\"yes\" data-elementor-lightbox-slideshow=\"6da046a\" data-elementor-lightbox-title=\"TSC_festival de jazz_dia 2 (6)\" data-e-action-hash=\"#elementor-action%3Aaction%3Dlightbox%26settings%3DeyJpZCI6NDI4NiwidXJsIjoiaHR0cHM6XC9cL2NvbW11bmljYXJlYXNzZXNzb3JpYS5jb20uYnJcL2ltcHJlbnNhXC93cC1jb250ZW50XC91cGxvYWRzXC8yMDI2XC8wOFwvVFNDX2Zlc3RpdmFsLWRlLWphenpfZGlhLTItNi1zY2FsZWQuanBnIiwic2xpZGVzaG93IjoiNmRhMDQ2YSJ9\" href=\"https:\/\/communicareassessoria.com.br\/imprensa\/wp-content\/uploads\/2026\/08\/TSC_festival-de-jazz_dia-2-6-scaled.jpg\"><figure class=\"swiper-slide-inner\"><img decoding=\"async\" class=\"swiper-slide-image\" src=\"https:\/\/communicareassessoria.com.br\/imprensa\/wp-content\/uploads\/2026\/08\/TSC_festival-de-jazz_dia-2-6-150x150.jpg\" alt=\"TSC_festival de jazz_dia 2 (6)\" \/><\/figure><\/a><\/div><div class=\"swiper-slide\" role=\"group\" aria-roledescription=\"slide\" aria-label=\"12 de 25\"><a data-elementor-open-lightbox=\"yes\" data-elementor-lightbox-slideshow=\"6da046a\" data-elementor-lightbox-title=\"TSC_festival de jazz_dia 2 (5)\" data-e-action-hash=\"#elementor-action%3Aaction%3Dlightbox%26settings%3DeyJpZCI6NDI4NywidXJsIjoiaHR0cHM6XC9cL2NvbW11bmljYXJlYXNzZXNzb3JpYS5jb20uYnJcL2ltcHJlbnNhXC93cC1jb250ZW50XC91cGxvYWRzXC8yMDI2XC8wOFwvVFNDX2Zlc3RpdmFsLWRlLWphenpfZGlhLTItNS1zY2FsZWQuanBnIiwic2xpZGVzaG93IjoiNmRhMDQ2YSJ9\" href=\"https:\/\/communicareassessoria.com.br\/imprensa\/wp-content\/uploads\/2026\/08\/TSC_festival-de-jazz_dia-2-5-scaled.jpg\"><figure class=\"swiper-slide-inner\"><img decoding=\"async\" class=\"swiper-slide-image\" src=\"https:\/\/communicareassessoria.com.br\/imprensa\/wp-content\/uploads\/2026\/08\/TSC_festival-de-jazz_dia-2-5-150x150.jpg\" alt=\"TSC_festival de jazz_dia 2 (5)\" \/><\/figure><\/a><\/div><div class=\"swiper-slide\" role=\"group\" aria-roledescription=\"slide\" aria-label=\"13 de 25\"><a data-elementor-open-lightbox=\"yes\" data-elementor-lightbox-slideshow=\"6da046a\" data-elementor-lightbox-title=\"TSC_festival de jazz_dia 2 (4)\" data-e-action-hash=\"#elementor-action%3Aaction%3Dlightbox%26settings%3DeyJpZCI6NDI4OCwidXJsIjoiaHR0cHM6XC9cL2NvbW11bmljYXJlYXNzZXNzb3JpYS5jb20uYnJcL2ltcHJlbnNhXC93cC1jb250ZW50XC91cGxvYWRzXC8yMDI2XC8wOFwvVFNDX2Zlc3RpdmFsLWRlLWphenpfZGlhLTItNC1zY2FsZWQuanBnIiwic2xpZGVzaG93IjoiNmRhMDQ2YSJ9\" href=\"https:\/\/communicareassessoria.com.br\/imprensa\/wp-content\/uploads\/2026\/08\/TSC_festival-de-jazz_dia-2-4-scaled.jpg\"><figure class=\"swiper-slide-inner\"><img decoding=\"async\" class=\"swiper-slide-image\" src=\"https:\/\/communicareassessoria.com.br\/imprensa\/wp-content\/uploads\/2026\/08\/TSC_festival-de-jazz_dia-2-4-150x150.jpg\" alt=\"TSC_festival de jazz_dia 2 (4)\" \/><\/figure><\/a><\/div><div class=\"swiper-slide\" role=\"group\" aria-roledescription=\"slide\" aria-label=\"14 de 25\"><a data-elementor-open-lightbox=\"yes\" data-elementor-lightbox-slideshow=\"6da046a\" data-elementor-lightbox-title=\"TSC_dia 4 (1)\" data-e-action-hash=\"#elementor-action%3Aaction%3Dlightbox%26settings%3DeyJpZCI6NDI5NCwidXJsIjoiaHR0cHM6XC9cL2NvbW11bmljYXJlYXNzZXNzb3JpYS5jb20uYnJcL2ltcHJlbnNhXC93cC1jb250ZW50XC91cGxvYWRzXC8yMDI2XC8wOFwvVFNDX2RpYS00LTEuanBlZyIsInNsaWRlc2hvdyI6IjZkYTA0NmEifQ%3D%3D\" href=\"https:\/\/communicareassessoria.com.br\/imprensa\/wp-content\/uploads\/2026\/08\/TSC_dia-4-1.jpeg\"><figure class=\"swiper-slide-inner\"><img decoding=\"async\" class=\"swiper-slide-image\" src=\"https:\/\/communicareassessoria.com.br\/imprensa\/wp-content\/uploads\/2026\/08\/TSC_dia-4-1-150x150.jpeg\" alt=\"TSC_dia 4 (1)\" \/><\/figure><\/a><\/div><div class=\"swiper-slide\" role=\"group\" aria-roledescription=\"slide\" aria-label=\"15 de 25\"><a data-elementor-open-lightbox=\"yes\" data-elementor-lightbox-slideshow=\"6da046a\" data-elementor-lightbox-title=\"TSC_dia 4 (2)\" data-e-action-hash=\"#elementor-action%3Aaction%3Dlightbox%26settings%3DeyJpZCI6NDI5NSwidXJsIjoiaHR0cHM6XC9cL2NvbW11bmljYXJlYXNzZXNzb3JpYS5jb20uYnJcL2ltcHJlbnNhXC93cC1jb250ZW50XC91cGxvYWRzXC8yMDI2XC8wOFwvVFNDX2RpYS00LTIuanBlZyIsInNsaWRlc2hvdyI6IjZkYTA0NmEifQ%3D%3D\" href=\"https:\/\/communicareassessoria.com.br\/imprensa\/wp-content\/uploads\/2026\/08\/TSC_dia-4-2.jpeg\"><figure class=\"swiper-slide-inner\"><img decoding=\"async\" class=\"swiper-slide-image\" src=\"https:\/\/communicareassessoria.com.br\/imprensa\/wp-content\/uploads\/2026\/08\/TSC_dia-4-2-150x150.jpeg\" alt=\"TSC_dia 4 (2)\" \/><\/figure><\/a><\/div><div class=\"swiper-slide\" role=\"group\" aria-roledescription=\"slide\" aria-label=\"16 de 25\"><a data-elementor-open-lightbox=\"yes\" data-elementor-lightbox-slideshow=\"6da046a\" data-elementor-lightbox-title=\"TSC_dia 4 (3)\" data-e-action-hash=\"#elementor-action%3Aaction%3Dlightbox%26settings%3DeyJpZCI6NDI5NiwidXJsIjoiaHR0cHM6XC9cL2NvbW11bmljYXJlYXNzZXNzb3JpYS5jb20uYnJcL2ltcHJlbnNhXC93cC1jb250ZW50XC91cGxvYWRzXC8yMDI2XC8wOFwvVFNDX2RpYS00LTMuanBlZyIsInNsaWRlc2hvdyI6IjZkYTA0NmEifQ%3D%3D\" href=\"https:\/\/communicareassessoria.com.br\/imprensa\/wp-content\/uploads\/2026\/08\/TSC_dia-4-3.jpeg\"><figure class=\"swiper-slide-inner\"><img decoding=\"async\" class=\"swiper-slide-image\" src=\"https:\/\/communicareassessoria.com.br\/imprensa\/wp-content\/uploads\/2026\/08\/TSC_dia-4-3-150x150.jpeg\" alt=\"TSC_dia 4 (3)\" \/><\/figure><\/a><\/div><div class=\"swiper-slide\" role=\"group\" aria-roledescription=\"slide\" aria-label=\"17 de 25\"><a data-elementor-open-lightbox=\"yes\" data-elementor-lightbox-slideshow=\"6da046a\" data-elementor-lightbox-title=\"TSC_dia 4 (4)\" data-e-action-hash=\"#elementor-action%3Aaction%3Dlightbox%26settings%3DeyJpZCI6NDI5NywidXJsIjoiaHR0cHM6XC9cL2NvbW11bmljYXJlYXNzZXNzb3JpYS5jb20uYnJcL2ltcHJlbnNhXC93cC1jb250ZW50XC91cGxvYWRzXC8yMDI2XC8wOFwvVFNDX2RpYS00LTQuanBlZyIsInNsaWRlc2hvdyI6IjZkYTA0NmEifQ%3D%3D\" href=\"https:\/\/communicareassessoria.com.br\/imprensa\/wp-content\/uploads\/2026\/08\/TSC_dia-4-4.jpeg\"><figure class=\"swiper-slide-inner\"><img decoding=\"async\" class=\"swiper-slide-image\" src=\"https:\/\/communicareassessoria.com.br\/imprensa\/wp-content\/uploads\/2026\/08\/TSC_dia-4-4-150x150.jpeg\" alt=\"TSC_dia 4 (4)\" \/><\/figure><\/a><\/div><div class=\"swiper-slide\" role=\"group\" aria-roledescription=\"slide\" aria-label=\"18 de 25\"><a data-elementor-open-lightbox=\"yes\" data-elementor-lightbox-slideshow=\"6da046a\" data-elementor-lightbox-title=\"TSC_dia 4 (5)\" data-e-action-hash=\"#elementor-action%3Aaction%3Dlightbox%26settings%3DeyJpZCI6NDI5OCwidXJsIjoiaHR0cHM6XC9cL2NvbW11bmljYXJlYXNzZXNzb3JpYS5jb20uYnJcL2ltcHJlbnNhXC93cC1jb250ZW50XC91cGxvYWRzXC8yMDI2XC8wOFwvVFNDX2RpYS00LTUuanBlZyIsInNsaWRlc2hvdyI6IjZkYTA0NmEifQ%3D%3D\" href=\"https:\/\/communicareassessoria.com.br\/imprensa\/wp-content\/uploads\/2026\/08\/TSC_dia-4-5.jpeg\"><figure class=\"swiper-slide-inner\"><img decoding=\"async\" class=\"swiper-slide-image\" src=\"https:\/\/communicareassessoria.com.br\/imprensa\/wp-content\/uploads\/2026\/08\/TSC_dia-4-5-150x150.jpeg\" alt=\"TSC_dia 4 (5)\" \/><\/figure><\/a><\/div><div class=\"swiper-slide\" role=\"group\" aria-roledescription=\"slide\" aria-label=\"19 de 25\"><a data-elementor-open-lightbox=\"yes\" data-elementor-lightbox-slideshow=\"6da046a\" data-elementor-lightbox-title=\"TSC_dia 4 (6)\" data-e-action-hash=\"#elementor-action%3Aaction%3Dlightbox%26settings%3DeyJpZCI6NDI5OSwidXJsIjoiaHR0cHM6XC9cL2NvbW11bmljYXJlYXNzZXNzb3JpYS5jb20uYnJcL2ltcHJlbnNhXC93cC1jb250ZW50XC91cGxvYWRzXC8yMDI2XC8wOFwvVFNDX2RpYS00LTYuanBlZyIsInNsaWRlc2hvdyI6IjZkYTA0NmEifQ%3D%3D\" href=\"https:\/\/communicareassessoria.com.br\/imprensa\/wp-content\/uploads\/2026\/08\/TSC_dia-4-6.jpeg\"><figure class=\"swiper-slide-inner\"><img decoding=\"async\" class=\"swiper-slide-image\" src=\"https:\/\/communicareassessoria.com.br\/imprensa\/wp-content\/uploads\/2026\/08\/TSC_dia-4-6-150x150.jpeg\" alt=\"TSC_dia 4 (6)\" \/><\/figure><\/a><\/div><div class=\"swiper-slide\" role=\"group\" aria-roledescription=\"slide\" aria-label=\"20 de 25\"><a data-elementor-open-lightbox=\"yes\" data-elementor-lightbox-slideshow=\"6da046a\" data-elementor-lightbox-title=\"TSC_dia 3 (1)\" data-e-action-hash=\"#elementor-action%3Aaction%3Dlightbox%26settings%3DeyJpZCI6NDMwMCwidXJsIjoiaHR0cHM6XC9cL2NvbW11bmljYXJlYXNzZXNzb3JpYS5jb20uYnJcL2ltcHJlbnNhXC93cC1jb250ZW50XC91cGxvYWRzXC8yMDI2XC8wOFwvVFNDX2RpYS0zLTEtc2NhbGVkLmpwZyIsInNsaWRlc2hvdyI6IjZkYTA0NmEifQ%3D%3D\" href=\"https:\/\/communicareassessoria.com.br\/imprensa\/wp-content\/uploads\/2026\/08\/TSC_dia-3-1-scaled.jpg\"><figure class=\"swiper-slide-inner\"><img decoding=\"async\" class=\"swiper-slide-image\" src=\"https:\/\/communicareassessoria.com.br\/imprensa\/wp-content\/uploads\/2026\/08\/TSC_dia-3-1-150x150.jpg\" alt=\"TSC_dia 3 (1)\" \/><\/figure><\/a><\/div><div class=\"swiper-slide\" role=\"group\" aria-roledescription=\"slide\" aria-label=\"21 de 25\"><a data-elementor-open-lightbox=\"yes\" data-elementor-lightbox-slideshow=\"6da046a\" data-elementor-lightbox-title=\"TSC_dia 3 (2)\" data-e-action-hash=\"#elementor-action%3Aaction%3Dlightbox%26settings%3DeyJpZCI6NDMwMSwidXJsIjoiaHR0cHM6XC9cL2NvbW11bmljYXJlYXNzZXNzb3JpYS5jb20uYnJcL2ltcHJlbnNhXC93cC1jb250ZW50XC91cGxvYWRzXC8yMDI2XC8wOFwvVFNDX2RpYS0zLTItc2NhbGVkLmpwZyIsInNsaWRlc2hvdyI6IjZkYTA0NmEifQ%3D%3D\" href=\"https:\/\/communicareassessoria.com.br\/imprensa\/wp-content\/uploads\/2026\/08\/TSC_dia-3-2-scaled.jpg\"><figure class=\"swiper-slide-inner\"><img decoding=\"async\" class=\"swiper-slide-image\" src=\"https:\/\/communicareassessoria.com.br\/imprensa\/wp-content\/uploads\/2026\/08\/TSC_dia-3-2-150x150.jpg\" alt=\"TSC_dia 3 (2)\" \/><\/figure><\/a><\/div><div class=\"swiper-slide\" role=\"group\" aria-roledescription=\"slide\" aria-label=\"22 de 25\"><a data-elementor-open-lightbox=\"yes\" data-elementor-lightbox-slideshow=\"6da046a\" data-elementor-lightbox-title=\"TSC_dia 3 (3)\" data-e-action-hash=\"#elementor-action%3Aaction%3Dlightbox%26settings%3DeyJpZCI6NDMwMiwidXJsIjoiaHR0cHM6XC9cL2NvbW11bmljYXJlYXNzZXNzb3JpYS5jb20uYnJcL2ltcHJlbnNhXC93cC1jb250ZW50XC91cGxvYWRzXC8yMDI2XC8wOFwvVFNDX2RpYS0zLTMtc2NhbGVkLmpwZyIsInNsaWRlc2hvdyI6IjZkYTA0NmEifQ%3D%3D\" href=\"https:\/\/communicareassessoria.com.br\/imprensa\/wp-content\/uploads\/2026\/08\/TSC_dia-3-3-scaled.jpg\"><figure class=\"swiper-slide-inner\"><img decoding=\"async\" class=\"swiper-slide-image\" src=\"https:\/\/communicareassessoria.com.br\/imprensa\/wp-content\/uploads\/2026\/08\/TSC_dia-3-3-150x150.jpg\" alt=\"TSC_dia 3 (3)\" \/><\/figure><\/a><\/div><div class=\"swiper-slide\" role=\"group\" aria-roledescription=\"slide\" aria-label=\"23 de 25\"><a data-elementor-open-lightbox=\"yes\" data-elementor-lightbox-slideshow=\"6da046a\" data-elementor-lightbox-title=\"TSC_dia 3 (4)\" data-e-action-hash=\"#elementor-action%3Aaction%3Dlightbox%26settings%3DeyJpZCI6NDMwMywidXJsIjoiaHR0cHM6XC9cL2NvbW11bmljYXJlYXNzZXNzb3JpYS5jb20uYnJcL2ltcHJlbnNhXC93cC1jb250ZW50XC91cGxvYWRzXC8yMDI2XC8wOFwvVFNDX2RpYS0zLTQtc2NhbGVkLmpwZyIsInNsaWRlc2hvdyI6IjZkYTA0NmEifQ%3D%3D\" href=\"https:\/\/communicareassessoria.com.br\/imprensa\/wp-content\/uploads\/2026\/08\/TSC_dia-3-4-scaled.jpg\"><figure class=\"swiper-slide-inner\"><img decoding=\"async\" class=\"swiper-slide-image\" src=\"https:\/\/communicareassessoria.com.br\/imprensa\/wp-content\/uploads\/2026\/08\/TSC_dia-3-4-150x150.jpg\" alt=\"TSC_dia 3 (4)\" \/><\/figure><\/a><\/div><div class=\"swiper-slide\" role=\"group\" aria-roledescription=\"slide\" aria-label=\"24 de 25\"><a data-elementor-open-lightbox=\"yes\" data-elementor-lightbox-slideshow=\"6da046a\" data-elementor-lightbox-title=\"TSC_dia 3 (5)\" data-e-action-hash=\"#elementor-action%3Aaction%3Dlightbox%26settings%3DeyJpZCI6NDMwNCwidXJsIjoiaHR0cHM6XC9cL2NvbW11bmljYXJlYXNzZXNzb3JpYS5jb20uYnJcL2ltcHJlbnNhXC93cC1jb250ZW50XC91cGxvYWRzXC8yMDI2XC8wOFwvVFNDX2RpYS0zLTUtc2NhbGVkLmpwZyIsInNsaWRlc2hvdyI6IjZkYTA0NmEifQ%3D%3D\" href=\"https:\/\/communicareassessoria.com.br\/imprensa\/wp-content\/uploads\/2026\/08\/TSC_dia-3-5-scaled.jpg\"><figure class=\"swiper-slide-inner\"><img decoding=\"async\" class=\"swiper-slide-image\" src=\"https:\/\/communicareassessoria.com.br\/imprensa\/wp-content\/uploads\/2026\/08\/TSC_dia-3-5-150x150.jpg\" alt=\"TSC_dia 3 (5)\" \/><\/figure><\/a><\/div><div class=\"swiper-slide\" role=\"group\" aria-roledescription=\"slide\" aria-label=\"25 de 25\"><a data-elementor-open-lightbox=\"yes\" data-elementor-lightbox-slideshow=\"6da046a\" data-elementor-lightbox-title=\"TSC_dia 3 (6)\" data-e-action-hash=\"#elementor-action%3Aaction%3Dlightbox%26settings%3DeyJpZCI6NDMwNSwidXJsIjoiaHR0cHM6XC9cL2NvbW11bmljYXJlYXNzZXNzb3JpYS5jb20uYnJcL2ltcHJlbnNhXC93cC1jb250ZW50XC91cGxvYWRzXC8yMDI2XC8wOFwvVFNDX2RpYS0zLTYtc2NhbGVkLmpwZyIsInNsaWRlc2hvdyI6IjZkYTA0NmEifQ%3D%3D\" href=\"https:\/\/communicareassessoria.com.br\/imprensa\/wp-content\/uploads\/2026\/08\/TSC_dia-3-6-scaled.jpg\"><figure class=\"swiper-slide-inner\"><img decoding=\"async\" class=\"swiper-slide-image\" src=\"https:\/\/communicareassessoria.com.br\/imprensa\/wp-content\/uploads\/2026\/08\/TSC_dia-3-6-150x150.jpg\" alt=\"TSC_dia 3 (6)\" \/><\/figure><\/a><\/div>\t\t\t<\/div>\n\t\t\t\t\t\t\t\t\t\t\t\t<div class=\"elementor-swiper-button elementor-swiper-button-prev\" role=\"button\" tabindex=\"0\">\n\t\t\t\t\t\t<svg aria-hidden=\"true\" class=\"e-font-icon-svg e-eicon-chevron-left\" viewBox=\"0 0 1000 1000\" xmlns=\"http:\/\/www.w3.org\/2000\/svg\"><path d=\"M646 125C629 125 613 133 604 142L308 442C296 454 292 471 292 487 292 504 296 521 308 533L604 854C617 867 629 875 646 875 663 875 679 871 692 858 704 846 713 829 713 812 713 796 708 779 692 767L438 487 692 225C700 217 708 204 708 187 708 171 704 154 692 142 675 129 663 125 646 125Z\"><\/path><\/svg>\t\t\t\t\t<\/div>\n\t\t\t\t\t<div class=\"elementor-swiper-button elementor-swiper-button-next\" role=\"button\" tabindex=\"0\">\n\t\t\t\t\t\t<svg aria-hidden=\"true\" class=\"e-font-icon-svg e-eicon-chevron-right\" viewBox=\"0 0 1000 1000\" xmlns=\"http:\/\/www.w3.org\/2000\/svg\"><path d=\"M696 533C708 521 713 504 713 487 713 471 708 454 696 446L400 146C388 133 375 125 354 125 338 125 325 129 313 142 300 154 292 171 292 187 292 204 296 221 308 233L563 492 304 771C292 783 288 800 288 817 288 833 296 850 308 863 321 871 338 875 354 875 371 875 388 867 400 854L696 533Z\"><\/path><\/svg>\t\t\t\t\t<\/div>\n\t\t\t\t\n\t\t\t\t\t\t\t\t\t<div class=\"swiper-pagination\"><\/div>\n\t\t\t\t\t\t\t\t\t<\/div>\n\t\t\t\t\t\t<\/div>\n\t\t\t\t<div class=\"elementor-element elementor-element-d894230 elementor-align-left elementor-mobile-align-center elementor-widget elementor-widget-button\" data-id=\"d894230\" data-element_type=\"widget\" data-e-type=\"widget\" data-widget_type=\"button.default\">\n\t\t\t\t\t\t\t\t\t\t<a class=\"elementor-button elementor-button-link elementor-size-sm\" href=\"https:\/\/communicareassessoria.com.br\/imprensa\/wp-content\/uploads\/2026\/02\/Moviecom-todos-TSC.pdf\" target=\"_blank\">\n\t\t\t\t\t\t<span class=\"elementor-button-content-wrapper\">\n\t\t\t\t\t\t\t\t\t<span class=\"elementor-button-text\">Acesse os arquivos de m\u00eddia<\/span>\n\t\t\t\t\t<\/span>\n\t\t\t\t\t<\/a>\n\t\t\t\t\t\t\t\t<\/div>\n\t\t\t\t\t<\/div>\n\t\t\t\t<\/div>\n\t\t\t\t<\/div>\n\t\t","protected":false},"excerpt":{"rendered":"<p>Ana Ca\u00f1as fechou o evento no Dia dos Pais com uma emocionante homenagem a Rita Lee \u00a0 O Taubat\u00e9 Shopping Jazz &amp; Blues Festival chegou ao fim no \u00faltimo domingo (9), Dia dos Pais, ap\u00f3s quatro dias de apresenta\u00e7\u00f5es gratuitas que reuniram artistas de diferentes trajet\u00f3rias e refer\u00eancias musicais. Realizado pelo Taubat\u00e9 Shopping, administrado pelo Grupo AD, o festival proporcionou ao p\u00fablico uma programa\u00e7\u00e3o dedicada ao jazz, blues e suas conex\u00f5es, com nomes de destaque da m\u00fasica nacional e internacional. \u00a0 Nos dois primeiros dias, o p\u00fablico acompanhou apresenta\u00e7\u00f5es que deram o tom da programa\u00e7\u00e3o, explorando diferentes sonoridades e formas de interpretar o jazz e o blues. A abertura ficou por conta do Teo Lobos Jazz Trio, que passeou pelo Gypsy Jazz, Swing, Bossa Nova e Samba, enquanto Vagner Mateus trouxe ao palco sua experi\u00eancia e identidade no blues. Na sequ\u00eancia, Vasco Fa\u00e9 apresentou seu trabalho no formato one man band, reunindo voz, guitarra, gaita e percuss\u00e3o em uma performance que evidenciou a versatilidade do m\u00fasico. \u00a0 O terceiro dia do festival, realizado no s\u00e1bado (8), foi marcado por duas apresenta\u00e7\u00f5es que tamb\u00e9m destacaram t\u00e9cnica, criatividade e diferentes influ\u00eancias musicais. A programa\u00e7\u00e3o come\u00e7ou com Marcinho Eiras, mestre das cordas e pioneiro na t\u00e9cnica Two Handed Tapping. Na sequ\u00eancia, The Simi Brothers + Queen Iretta levaram ao palco um encontro entre os irm\u00e3os Danilo e Nicolas Simi, guitarristas e produtores com trajet\u00f3ria no blues e jazz brasileiro, e a cantora norte-americana Queen Iretta, reconhecida por sua pot\u00eancia vocal, presen\u00e7a marcante e carreira internacional. \u00a0 O \u00faltimo dia come\u00e7ou com a IRW &amp; The Xperience Groov Band, quarteto de blues do Vale do Para\u00edba que levou ao palco cl\u00e1ssicos do g\u00eanero e releituras com identidade pr\u00f3pria. Por fim, uma das atra\u00e7\u00f5es mais aguardadas, Ana Ca\u00f1as fechou o festival no Dia dos Pais com uma emocionante homenagem a Rita Lee, uma das maiores compositoras e artistas da m\u00fasica brasileira. Em um espet\u00e1culo vibrante, a cantora revisitou sucessos como \u201cJardins da Babil\u00f4nia\u201d, \u201cAgora S\u00f3 Falta Voc\u00ea\u201d, \u201cMania de Voc\u00ea\u201d, \u201cBalada do Louco\u201d e \u201cLan\u00e7a Perfume\u201d, celebrando diferentes momentos da trajet\u00f3ria da artista. \u00a0 &#8220;Chegamos ao \u00faltimo dia de uma edi\u00e7\u00e3o muito especial do Taubat\u00e9 Shopping Jazz &amp; Blues Festival. Ao longo da programa\u00e7\u00e3o, recebemos artistas renomados e proporcionamos aos clientes uma experi\u00eancia cultural de qualidade totalmente gratuita. Encerramos com a sensa\u00e7\u00e3o de dever cumprido e de que o festival cumpriu seu papel de aproximar a m\u00fasica de diferentes p\u00fablicos, criando momentos de conex\u00e3o, cultura e entretenimento para a regi\u00e3o&#8221;, destaca Lilian Giacomini, Coordenadora de Marketing do Taubat\u00e9 Shopping. \u00a0 Taubat\u00e9 Shopping Com uma \u00e1rea constru\u00edda de mais de 50 mil metros quadrados, o Taubat\u00e9 Shopping est\u00e1 h\u00e1 36 anos na regi\u00e3o e gera cerca de 3 mil empregos diretos e indiretos. Sua infraestrutura inclui 200 lojas sat\u00e9lites, sete lojas \u00e2ncoras, quatro semi\u00e2ncoras, sete megalojas, cinco salas de cinema da rede Moviecom (tr\u00eas delas com tecnologia Moviecom X), boliche, a mais completa pra\u00e7a de alimenta\u00e7\u00e3o da regi\u00e3o, academia, faculdade e mais de mil vagas de estacionamento. Inaugurado em 9 de novembro de 1989, o empreendimento \u00e9 administrado pelo Grupo AD e est\u00e1 localizado na Av. Charles Schnneider, n\u00ba 1700 &#8211; Vila Costa. Fa\u00e7a o download do release e imagens: Acesse os arquivos de m\u00eddia<\/p>\n","protected":false},"author":2,"featured_media":4297,"comment_status":"open","ping_status":"open","sticky":false,"template":"","format":"standard","meta":{"footnotes":""},"categories":[5],"tags":[282],"class_list":["post-4292","post","type-post","status-publish","format-standard","has-post-thumbnail","hentry","category-taubate-shopping","tag-festival-de-jazz"],"_links":{"self":[{"href":"https:\/\/communicareassessoria.com.br\/imprensa\/wp-json\/wp\/v2\/posts\/4292","targetHints":{"allow":["GET"]}}],"collection":[{"href":"https:\/\/communicareassessoria.com.br\/imprensa\/wp-json\/wp\/v2\/posts"}],"about":[{"href":"https:\/\/communicareassessoria.com.br\/imprensa\/wp-json\/wp\/v2\/types\/post"}],"author":[{"embeddable":true,"href":"https:\/\/communicareassessoria.com.br\/imprensa\/wp-json\/wp\/v2\/users\/2"}],"replies":[{"embeddable":true,"href":"https:\/\/communicareassessoria.com.br\/imprensa\/wp-json\/wp\/v2\/comments?post=4292"}],"version-history":[{"count":4,"href":"https:\/\/communicareassessoria.com.br\/imprensa\/wp-json\/wp\/v2\/posts\/4292\/revisions"}],"predecessor-version":[{"id":4308,"href":"https:\/\/communicareassessoria.com.br\/imprensa\/wp-json\/wp\/v2\/posts\/4292\/revisions\/4308"}],"wp:featuredmedia":[{"embeddable":true,"href":"https:\/\/communicareassessoria.com.br\/imprensa\/wp-json\/wp\/v2\/media\/4297"}],"wp:attachment":[{"href":"https:\/\/communicareassessoria.com.br\/imprensa\/wp-json\/wp\/v2\/media?parent=4292"}],"wp:term":[{"taxonomy":"category","embeddable":true,"href":"https:\/\/communicareassessoria.com.br\/imprensa\/wp-json\/wp\/v2\/categories?post=4292"},{"taxonomy":"post_tag","embeddable":true,"href":"https:\/\/communicareassessoria.com.br\/imprensa\/wp-json\/wp\/v2\/tags?post=4292"}],"curies":[{"name":"wp","href":"https:\/\/api.w.org\/{rel}","templated":true}]}}