{"id":4332,"date":"2026-08-13T12:54:34","date_gmt":"2026-08-13T12:54:34","guid":{"rendered":"https:\/\/communicareassessoria.com.br\/imprensa\/?p=4332"},"modified":"2026-08-13T12:59:54","modified_gmt":"2026-08-13T12:59:54","slug":"taubate-shopping-recebe-nova-edicao-dos-projetos-moviecomtodos-e-cinematerna","status":"publish","type":"post","link":"https:\/\/communicareassessoria.com.br\/imprensa\/taubate-shopping-recebe-nova-edicao-dos-projetos-moviecomtodos-e-cinematerna\/","title":{"rendered":"Taubat\u00e9 Shopping recebe nova edi\u00e7\u00e3o dos projetos MoviecomTodos e CineMaterna"},"content":{"rendered":"\t\t<div data-elementor-type=\"wp-post\" data-elementor-id=\"4332\" class=\"elementor elementor-4332\">\n\t\t\t\t<div class=\"elementor-element elementor-element-bb54d89 e-flex e-con-boxed wpr-particle-no wpr-jarallax-no wpr-parallax-no wpr-sticky-section-no wpr-column-slider-no wpr-equal-height-no e-con e-parent\" data-id=\"bb54d89\" data-element_type=\"container\" data-e-type=\"container\">\n\t\t\t\t\t<div class=\"e-con-inner\">\n\t\t\t\t<div class=\"elementor-element elementor-element-ac324b5 elementor-widget elementor-widget-text-editor\" data-id=\"ac324b5\" data-element_type=\"widget\" data-e-type=\"widget\" data-widget_type=\"text-editor.default\">\n\t\t\t\t\t\t\t\t\t<p><em>Iniciativas ampliam o acesso ao cinema por meio de experi\u00eancias mais acolhedoras e inclusivas<\/em><\/p><p>A programa\u00e7\u00e3o mensal da Moviecom Cinemas do <strong>Taubat\u00e9 Shopping<\/strong>, administrado pelo Grupo AD, conta com iniciativas que tornam a experi\u00eancia de assistir a um filme mais acolhedora e confort\u00e1vel para diferentes p\u00fablicos. Entre elas est\u00e3o os projetos <strong>MoviecomTodos<\/strong> e<strong> CineMaterna<\/strong>, que promovem sess\u00f5es adaptadas e preparadas para atender \u00e0s necessidades espec\u00edficas de crian\u00e7as, fam\u00edlias e beb\u00eas.<\/p><p>No dia <strong>15 de agosto<\/strong>, \u00e0s 11h, o p\u00fablico poder\u00e1 participar de mais uma sess\u00e3o do <strong>MoviecomTodos<\/strong>, desta vez com a exibi\u00e7\u00e3o de <strong>Patrulha Canina: Uma Aventura Dino<\/strong>. Criado h\u00e1 10 anos, o projeto promove sess\u00f5es adaptadas para crian\u00e7as com Transtorno do Espectro Autista (TEA) e outras defici\u00eancias, acompanhadas de seus familiares. A iniciativa busca ampliar o acesso \u00e0 cultura e ao entretenimento, proporcionando um ambiente mais inclusivo para pessoas com diferentes n\u00edveis de sensibilidade sensorial.<\/p><p>Durante as sess\u00f5es, a sala recebe adapta\u00e7\u00f5es para tornar a experi\u00eancia mais tranquila e acess\u00edvel, como ilumina\u00e7\u00e3o parcial, som em volume moderado, livre circula\u00e7\u00e3o durante a exibi\u00e7\u00e3o e aus\u00eancia de trailers antes do filme.<\/p><p>As fam\u00edlias tamb\u00e9m podem contar com a <strong>Sala do Afeto<\/strong>, espa\u00e7o de acolhimento e descompress\u00e3o localizada pr\u00f3xima ao frald\u00e1rio, preparado para auxiliar na acomoda\u00e7\u00e3o sensorial de crian\u00e7as, jovens e adultos com TEA. O ambiente oferece uma alternativa para quem precisa de um momento de pausa diante dos est\u00edmulos.<\/p><p>CineMaterna<\/p><p>A programa\u00e7\u00e3o inclusiva tamb\u00e9m conta com o <strong>CineMaterna<\/strong>, iniciativa voltada a fam\u00edlias com beb\u00eas de at\u00e9 18 meses, que proporciona uma experi\u00eancia mais confort\u00e1vel para os respons\u00e1veis aproveitarem o cinema na companhia dos pequenos. A pr\u00f3xima sess\u00e3o acontece no dia <strong>18 de agosto<\/strong>, \u00e0s 14h, com o filme ainda em defini\u00e7\u00e3o.<\/p><p>As sess\u00f5es s\u00e3o preparadas especialmente para receber os beb\u00eas, com ilumina\u00e7\u00e3o reduzida, volume do \u00e1udio mais baixo, temperatura agrad\u00e1vel, trocadores dispon\u00edveis e espa\u00e7o com tapete em EVA para aqueles que j\u00e1 engatinham ou caminham. As adapta\u00e7\u00f5es permitem que os respons\u00e1veis acompanhem a sess\u00e3o com mais tranquilidade, sem abrir m\u00e3o do conforto e das necessidades dos pequenos.<\/p><p>Al\u00e9m disso, as fam\u00edlias tamb\u00e9m contam com a estrutura do <strong>Espa\u00e7o Fam\u00edlia <\/strong>do shopping, que oferece banheiros adaptados, frald\u00e1rios, carrinhos de beb\u00ea, minicozinha e espa\u00e7o reservado para amamenta\u00e7\u00e3o, proporcionando mais praticidade e privacidade durante a perman\u00eancia no shopping.<\/p><p>\u201cQueremos que o Taubat\u00e9 Shopping seja um espa\u00e7o onde todas as fam\u00edlias se sintam acolhidas e tenham a oportunidade de viver momentos de lazer com conforto e tranquilidade. Iniciativas como o MoviecomTodos e o CineMaterna fazem parte desse prop\u00f3sito, ao oferecer experi\u00eancias pensadas para diferentes necessidades e momentos da vida\u201d, destaca Lilian Giacomini, Coordenadora de Marketing do Taubat\u00e9 Shopping.<\/p><p>Para mais informa\u00e7\u00f5es sobre as iniciativas e a programa\u00e7\u00e3o, o p\u00fablico pode acompanhar as redes sociais do Taubat\u00e9 Shopping, pelo perfil @taubateshopping, e consultar os sites oficiais do MoviecomTodos e do CineMaterna.<\/p><p>Confira a programa\u00e7\u00e3o completa:<\/p><p><strong><em><u>MoviecomTodos &#8211; Patrulha Canina: Uma Aventura Dino:<\/u><\/em><\/strong><\/p><p><strong><u>Data:<\/u><\/strong> 15 de agosto<\/p><p><strong><u>Hor\u00e1rio:<\/u><\/strong> 11h<\/p><p><strong><u>Local:<\/u><\/strong> Moviecom do Taubat\u00e9 Shopping<\/p><p>Mais informa\u00e7\u00f5es: <a href=\"https:\/\/moviecom.com.br\/produtos\/moviecomtodos\/\" target=\"_blank\" rel=\"noopener\"><em>https:\/\/moviecom.com.br\/produtos\/moviecomtodos\/<\/em><\/a><\/p><p><strong><u>CineMaterna:<\/u><\/strong><\/p><p><strong><u>Data:<\/u><\/strong> 18 de agosto<\/p><p><strong><u>Hor\u00e1rio:<\/u><\/strong> 14h<\/p><p><strong><u>Local:<\/u><\/strong> Moviecom do Taubat\u00e9 Shopping<\/p><p>Mais informa\u00e7\u00f5es: <a href=\"https:\/\/www.cinematerna.org.br\/\" target=\"_blank\" rel=\"noopener\"><em>https:\/\/www.cinematerna.org.br\/<\/em><\/a><\/p><p><strong>Taubat\u00e9 Shopping<\/strong><\/p><p>Com uma \u00e1rea constru\u00edda de mais de 50 mil metros quadrados, o Taubat\u00e9 Shopping est\u00e1 h\u00e1 36 anos na regi\u00e3o e gera cerca de 3 mil empregos diretos e indiretos. Sua infraestrutura inclui 200 lojas sat\u00e9lites, sete lojas \u00e2ncoras, quatro semi\u00e2ncoras, sete megalojas, cinco salas de cinema da rede Moviecom (tr\u00eas delas com tecnologia Moviecom X), boliche, a mais completa pra\u00e7a de alimenta\u00e7\u00e3o da regi\u00e3o, academia, faculdade e mais de mil vagas de estacionamento. Inaugurado em 9 de novembro de 1989, o empreendimento \u00e9 administrado pelo Grupo AD e est\u00e1 localizado na Av. Charles Schnneider, n\u00ba 1700 &#8211; Vila Costa.<\/p>\t\t\t\t\t\t\t\t<\/div>\n\t\t\t\t\t<\/div>\n\t\t\t\t<\/div>\n\t\t<div class=\"elementor-element elementor-element-4f47743f e-flex e-con-boxed wpr-particle-no wpr-jarallax-no wpr-parallax-no wpr-sticky-section-no wpr-column-slider-no wpr-equal-height-no e-con e-parent\" data-id=\"4f47743f\" data-element_type=\"container\" data-e-type=\"container\" data-settings=\"{&quot;background_background&quot;:&quot;classic&quot;}\">\n\t\t\t\t\t<div class=\"e-con-inner\">\n\t\t\t\t<div class=\"elementor-element elementor-element-3ebb41a elementor-widget elementor-widget-heading\" data-id=\"3ebb41a\" data-element_type=\"widget\" data-e-type=\"widget\" data-widget_type=\"heading.default\">\n\t\t\t\t\t<h2 class=\"elementor-heading-title elementor-size-default\">Fa\u00e7a o download do release e imagens:<\/h2>\t\t\t\t<\/div>\n\t\t\t\t<div class=\"elementor-element elementor-element-6da046a elementor-arrows-position-outside elementor-pagination-position-outside elementor-widget elementor-widget-image-carousel\" data-id=\"6da046a\" data-element_type=\"widget\" data-e-type=\"widget\" data-settings=\"{&quot;slides_to_show&quot;:&quot;4&quot;,&quot;navigation&quot;:&quot;both&quot;,&quot;speed&quot;:500}\" data-widget_type=\"image-carousel.default\">\n\t\t\t\t\t\t\t<div class=\"elementor-image-carousel-wrapper swiper\" role=\"region\" aria-roledescription=\"carousel\" aria-label=\"Carrossel de imagens\" dir=\"ltr\">\n\t\t\t<div class=\"elementor-image-carousel swiper-wrapper\" aria-live=\"polite\">\n\t\t\t\t\t\t\t\t<div class=\"swiper-slide\" role=\"group\" aria-roledescription=\"slide\" aria-label=\"1 de 3\"><a data-elementor-open-lightbox=\"yes\" data-elementor-lightbox-slideshow=\"6da046a\" data-elementor-lightbox-title=\"moviecomtodos agosto\" data-e-action-hash=\"#elementor-action%3Aaction%3Dlightbox%26settings%3DeyJpZCI6NDM0MSwidXJsIjoiaHR0cHM6XC9cL2NvbW11bmljYXJlYXNzZXNzb3JpYS5jb20uYnJcL2ltcHJlbnNhXC93cC1jb250ZW50XC91cGxvYWRzXC8yMDI2XC8wOFwvbW92aWVjb210b2Rvcy1hZ29zdG8uanBlZyIsInNsaWRlc2hvdyI6IjZkYTA0NmEifQ%3D%3D\" href=\"https:\/\/communicareassessoria.com.br\/imprensa\/wp-content\/uploads\/2026\/08\/moviecomtodos-agosto.jpeg\"><figure class=\"swiper-slide-inner\"><img decoding=\"async\" class=\"swiper-slide-image\" src=\"https:\/\/communicareassessoria.com.br\/imprensa\/wp-content\/uploads\/2026\/08\/moviecomtodos-agosto-150x150.jpeg\" alt=\"moviecomtodos agosto\" \/><\/figure><\/a><\/div><div class=\"swiper-slide\" role=\"group\" aria-roledescription=\"slide\" aria-label=\"2 de 3\"><a data-elementor-open-lightbox=\"yes\" data-elementor-lightbox-slideshow=\"6da046a\" data-elementor-lightbox-title=\"Foto-divulgacao-cinematerna-2\" data-e-action-hash=\"#elementor-action%3Aaction%3Dlightbox%26settings%3DeyJpZCI6NDM0MiwidXJsIjoiaHR0cHM6XC9cL2NvbW11bmljYXJlYXNzZXNzb3JpYS5jb20uYnJcL2ltcHJlbnNhXC93cC1jb250ZW50XC91cGxvYWRzXC8yMDI2XC8wOFwvRm90by1kaXZ1bGdhY2FvLWNpbmVtYXRlcm5hLTIuanBnIiwic2xpZGVzaG93IjoiNmRhMDQ2YSJ9\" href=\"https:\/\/communicareassessoria.com.br\/imprensa\/wp-content\/uploads\/2026\/08\/Foto-divulgacao-cinematerna-2.jpg\"><figure class=\"swiper-slide-inner\"><img decoding=\"async\" class=\"swiper-slide-image\" src=\"https:\/\/communicareassessoria.com.br\/imprensa\/wp-content\/uploads\/2026\/08\/Foto-divulgacao-cinematerna-2-150x150.jpg\" alt=\"Foto-divulgacao-cinematerna-2\" \/><\/figure><\/a><\/div><div class=\"swiper-slide\" role=\"group\" aria-roledescription=\"slide\" aria-label=\"3 de 3\"><a data-elementor-open-lightbox=\"yes\" data-elementor-lightbox-slideshow=\"6da046a\" data-elementor-lightbox-title=\"TSC-fachada\" data-e-action-hash=\"#elementor-action%3Aaction%3Dlightbox%26settings%3DeyJpZCI6NDM0MywidXJsIjoiaHR0cHM6XC9cL2NvbW11bmljYXJlYXNzZXNzb3JpYS5jb20uYnJcL2ltcHJlbnNhXC93cC1jb250ZW50XC91cGxvYWRzXC8yMDI2XC8wOFwvVFNDLWZhY2hhZGEuanBnIiwic2xpZGVzaG93IjoiNmRhMDQ2YSJ9\" href=\"https:\/\/communicareassessoria.com.br\/imprensa\/wp-content\/uploads\/2026\/08\/TSC-fachada.jpg\"><figure class=\"swiper-slide-inner\"><img decoding=\"async\" class=\"swiper-slide-image\" src=\"https:\/\/communicareassessoria.com.br\/imprensa\/wp-content\/uploads\/2026\/08\/TSC-fachada-150x150.jpg\" alt=\"TSC-fachada\" \/><\/figure><\/a><\/div>\t\t\t<\/div>\n\t\t\t\t\t\t\t\t\t\t\t\t<div class=\"elementor-swiper-button elementor-swiper-button-prev\" role=\"button\" tabindex=\"0\">\n\t\t\t\t\t\t<svg aria-hidden=\"true\" class=\"e-font-icon-svg e-eicon-chevron-left\" viewBox=\"0 0 1000 1000\" xmlns=\"http:\/\/www.w3.org\/2000\/svg\"><path d=\"M646 125C629 125 613 133 604 142L308 442C296 454 292 471 292 487 292 504 296 521 308 533L604 854C617 867 629 875 646 875 663 875 679 871 692 858 704 846 713 829 713 812 713 796 708 779 692 767L438 487 692 225C700 217 708 204 708 187 708 171 704 154 692 142 675 129 663 125 646 125Z\"><\/path><\/svg>\t\t\t\t\t<\/div>\n\t\t\t\t\t<div class=\"elementor-swiper-button elementor-swiper-button-next\" role=\"button\" tabindex=\"0\">\n\t\t\t\t\t\t<svg aria-hidden=\"true\" class=\"e-font-icon-svg e-eicon-chevron-right\" viewBox=\"0 0 1000 1000\" xmlns=\"http:\/\/www.w3.org\/2000\/svg\"><path d=\"M696 533C708 521 713 504 713 487 713 471 708 454 696 446L400 146C388 133 375 125 354 125 338 125 325 129 313 142 300 154 292 171 292 187 292 204 296 221 308 233L563 492 304 771C292 783 288 800 288 817 288 833 296 850 308 863 321 871 338 875 354 875 371 875 388 867 400 854L696 533Z\"><\/path><\/svg>\t\t\t\t\t<\/div>\n\t\t\t\t\n\t\t\t\t\t\t\t\t\t<div class=\"swiper-pagination\"><\/div>\n\t\t\t\t\t\t\t\t\t<\/div>\n\t\t\t\t\t\t<\/div>\n\t\t\t\t<div class=\"elementor-element elementor-element-d894230 elementor-align-left elementor-mobile-align-center elementor-widget elementor-widget-button\" data-id=\"d894230\" data-element_type=\"widget\" data-e-type=\"widget\" data-widget_type=\"button.default\">\n\t\t\t\t\t\t\t\t\t\t<a class=\"elementor-button elementor-button-link elementor-size-sm\" href=\"https:\/\/communicareassessoria.com.br\/imprensa\/wp-content\/uploads\/2026\/02\/Moviecom-todos-TSC.pdf\" target=\"_blank\">\n\t\t\t\t\t\t<span class=\"elementor-button-content-wrapper\">\n\t\t\t\t\t\t\t\t\t<span class=\"elementor-button-text\">Acesse os arquivos de m\u00eddia<\/span>\n\t\t\t\t\t<\/span>\n\t\t\t\t\t<\/a>\n\t\t\t\t\t\t\t\t<\/div>\n\t\t\t\t\t<\/div>\n\t\t\t\t<\/div>\n\t\t\t\t<\/div>\n\t\t","protected":false},"excerpt":{"rendered":"<p>Iniciativas ampliam o acesso ao cinema por meio de experi\u00eancias mais acolhedoras e inclusivas A programa\u00e7\u00e3o mensal da Moviecom Cinemas do Taubat\u00e9 Shopping, administrado pelo Grupo AD, conta com iniciativas que tornam a experi\u00eancia de assistir a um filme mais acolhedora e confort\u00e1vel para diferentes p\u00fablicos. Entre elas est\u00e3o os projetos MoviecomTodos e CineMaterna, que promovem sess\u00f5es adaptadas e preparadas para atender \u00e0s necessidades espec\u00edficas de crian\u00e7as, fam\u00edlias e beb\u00eas. No dia 15 de agosto, \u00e0s 11h, o p\u00fablico poder\u00e1 participar de mais uma sess\u00e3o do MoviecomTodos, desta vez com a exibi\u00e7\u00e3o de Patrulha Canina: Uma Aventura Dino. Criado h\u00e1 10 anos, o projeto promove sess\u00f5es adaptadas para crian\u00e7as com Transtorno do Espectro Autista (TEA) e outras defici\u00eancias, acompanhadas de seus familiares. A iniciativa busca ampliar o acesso \u00e0 cultura e ao entretenimento, proporcionando um ambiente mais inclusivo para pessoas com diferentes n\u00edveis de sensibilidade sensorial. Durante as sess\u00f5es, a sala recebe adapta\u00e7\u00f5es para tornar a experi\u00eancia mais tranquila e acess\u00edvel, como ilumina\u00e7\u00e3o parcial, som em volume moderado, livre circula\u00e7\u00e3o durante a exibi\u00e7\u00e3o e aus\u00eancia de trailers antes do filme. As fam\u00edlias tamb\u00e9m podem contar com a Sala do Afeto, espa\u00e7o de acolhimento e descompress\u00e3o localizada pr\u00f3xima ao frald\u00e1rio, preparado para auxiliar na acomoda\u00e7\u00e3o sensorial de crian\u00e7as, jovens e adultos com TEA. O ambiente oferece uma alternativa para quem precisa de um momento de pausa diante dos est\u00edmulos. CineMaterna A programa\u00e7\u00e3o inclusiva tamb\u00e9m conta com o CineMaterna, iniciativa voltada a fam\u00edlias com beb\u00eas de at\u00e9 18 meses, que proporciona uma experi\u00eancia mais confort\u00e1vel para os respons\u00e1veis aproveitarem o cinema na companhia dos pequenos. A pr\u00f3xima sess\u00e3o acontece no dia 18 de agosto, \u00e0s 14h, com o filme ainda em defini\u00e7\u00e3o. As sess\u00f5es s\u00e3o preparadas especialmente para receber os beb\u00eas, com ilumina\u00e7\u00e3o reduzida, volume do \u00e1udio mais baixo, temperatura agrad\u00e1vel, trocadores dispon\u00edveis e espa\u00e7o com tapete em EVA para aqueles que j\u00e1 engatinham ou caminham. As adapta\u00e7\u00f5es permitem que os respons\u00e1veis acompanhem a sess\u00e3o com mais tranquilidade, sem abrir m\u00e3o do conforto e das necessidades dos pequenos. Al\u00e9m disso, as fam\u00edlias tamb\u00e9m contam com a estrutura do Espa\u00e7o Fam\u00edlia do shopping, que oferece banheiros adaptados, frald\u00e1rios, carrinhos de beb\u00ea, minicozinha e espa\u00e7o reservado para amamenta\u00e7\u00e3o, proporcionando mais praticidade e privacidade durante a perman\u00eancia no shopping. \u201cQueremos que o Taubat\u00e9 Shopping seja um espa\u00e7o onde todas as fam\u00edlias se sintam acolhidas e tenham a oportunidade de viver momentos de lazer com conforto e tranquilidade. Iniciativas como o MoviecomTodos e o CineMaterna fazem parte desse prop\u00f3sito, ao oferecer experi\u00eancias pensadas para diferentes necessidades e momentos da vida\u201d, destaca Lilian Giacomini, Coordenadora de Marketing do Taubat\u00e9 Shopping. Para mais informa\u00e7\u00f5es sobre as iniciativas e a programa\u00e7\u00e3o, o p\u00fablico pode acompanhar as redes sociais do Taubat\u00e9 Shopping, pelo perfil @taubateshopping, e consultar os sites oficiais do MoviecomTodos e do CineMaterna. Confira a programa\u00e7\u00e3o completa: MoviecomTodos &#8211; Patrulha Canina: Uma Aventura Dino: Data: 15 de agosto Hor\u00e1rio: 11h Local: Moviecom do Taubat\u00e9 Shopping Mais informa\u00e7\u00f5es: https:\/\/moviecom.com.br\/produtos\/moviecomtodos\/ CineMaterna: Data: 18 de agosto Hor\u00e1rio: 14h Local: Moviecom do Taubat\u00e9 Shopping Mais informa\u00e7\u00f5es: https:\/\/www.cinematerna.org.br\/ Taubat\u00e9 Shopping Com uma \u00e1rea constru\u00edda de mais de 50 mil metros quadrados, o Taubat\u00e9 Shopping est\u00e1 h\u00e1 36 anos na regi\u00e3o e gera cerca de 3 mil empregos diretos e indiretos. Sua infraestrutura inclui 200 lojas sat\u00e9lites, sete lojas \u00e2ncoras, quatro semi\u00e2ncoras, sete megalojas, cinco salas de cinema da rede Moviecom (tr\u00eas delas com tecnologia Moviecom X), boliche, a mais completa pra\u00e7a de alimenta\u00e7\u00e3o da regi\u00e3o, academia, faculdade e mais de mil vagas de estacionamento. Inaugurado em 9 de novembro de 1989, o empreendimento \u00e9 administrado pelo Grupo AD e est\u00e1 localizado na Av. Charles Schnneider, n\u00ba 1700 &#8211; Vila Costa. Fa\u00e7a o download do release e imagens: Acesse os arquivos de m\u00eddia<\/p>\n","protected":false},"author":2,"featured_media":4341,"comment_status":"open","ping_status":"open","sticky":false,"template":"","format":"standard","meta":{"footnotes":""},"categories":[5],"tags":[31,107,164],"class_list":["post-4332","post","type-post","status-publish","format-standard","has-post-thumbnail","hentry","category-taubate-shopping","tag-cinema","tag-inclusao","tag-maternidade"],"_links":{"self":[{"href":"https:\/\/communicareassessoria.com.br\/imprensa\/wp-json\/wp\/v2\/posts\/4332","targetHints":{"allow":["GET"]}}],"collection":[{"href":"https:\/\/communicareassessoria.com.br\/imprensa\/wp-json\/wp\/v2\/posts"}],"about":[{"href":"https:\/\/communicareassessoria.com.br\/imprensa\/wp-json\/wp\/v2\/types\/post"}],"author":[{"embeddable":true,"href":"https:\/\/communicareassessoria.com.br\/imprensa\/wp-json\/wp\/v2\/users\/2"}],"replies":[{"embeddable":true,"href":"https:\/\/communicareassessoria.com.br\/imprensa\/wp-json\/wp\/v2\/comments?post=4332"}],"version-history":[{"count":7,"href":"https:\/\/communicareassessoria.com.br\/imprensa\/wp-json\/wp\/v2\/posts\/4332\/revisions"}],"predecessor-version":[{"id":4346,"href":"https:\/\/communicareassessoria.com.br\/imprensa\/wp-json\/wp\/v2\/posts\/4332\/revisions\/4346"}],"wp:featuredmedia":[{"embeddable":true,"href":"https:\/\/communicareassessoria.com.br\/imprensa\/wp-json\/wp\/v2\/media\/4341"}],"wp:attachment":[{"href":"https:\/\/communicareassessoria.com.br\/imprensa\/wp-json\/wp\/v2\/media?parent=4332"}],"wp:term":[{"taxonomy":"category","embeddable":true,"href":"https:\/\/communicareassessoria.com.br\/imprensa\/wp-json\/wp\/v2\/categories?post=4332"},{"taxonomy":"post_tag","embeddable":true,"href":"https:\/\/communicareassessoria.com.br\/imprensa\/wp-json\/wp\/v2\/tags?post=4332"}],"curies":[{"name":"wp","href":"https:\/\/api.w.org\/{rel}","templated":true}]}}