{"id":4450,"date":"2026-08-25T12:52:38","date_gmt":"2026-08-25T12:52:38","guid":{"rendered":"https:\/\/communicareassessoria.com.br\/imprensa\/?p=4450"},"modified":"2026-08-25T12:56:00","modified_gmt":"2026-08-25T12:56:00","slug":"grande-final-do-a-voz-do-vale-celebra-novos-talentos-da-musica-regional-no-shopping-patio-pinda","status":"publish","type":"post","link":"https:\/\/communicareassessoria.com.br\/imprensa\/grande-final-do-a-voz-do-vale-celebra-novos-talentos-da-musica-regional-no-shopping-patio-pinda\/","title":{"rendered":"Grande final do &#8220;A Voz do Vale&#8221; celebra novos talentos da m\u00fasica regional no Shopping P\u00e1tio Pinda"},"content":{"rendered":"\t\t<div data-elementor-type=\"wp-post\" data-elementor-id=\"4450\" class=\"elementor elementor-4450\">\n\t\t\t\t<div class=\"elementor-element elementor-element-bb54d89 e-flex e-con-boxed wpr-particle-no wpr-jarallax-no wpr-parallax-no wpr-sticky-section-no wpr-column-slider-no wpr-equal-height-no e-con e-parent\" data-id=\"bb54d89\" data-element_type=\"container\" data-e-type=\"container\">\n\t\t\t\t\t<div class=\"e-con-inner\">\n\t\t\t\t<div class=\"elementor-element elementor-element-ac324b5 elementor-widget elementor-widget-text-editor\" data-id=\"ac324b5\" data-element_type=\"widget\" data-e-type=\"widget\" data-widget_type=\"text-editor.default\">\n\t\t\t\t\t\t\t\t\t<p style=\"text-align: center;\" align=\"center\"><em>Concurso promovido com a Valever TV chegou ao fim no domingo (23), ap\u00f3s quatro dias de apresenta\u00e7\u00f5es<\/em><\/p><p>O <strong>Shopping P\u00e1tio Pinda<\/strong>, administrado pelo Grupo AD, recebeu no \u00faltimo domingo (23) a grande final do <strong>A Voz do Vale \u2013 Festival de Talentos Musicais<\/strong>, realizado em parceria com a <strong>Valever TV<\/strong>. Ap\u00f3s quatro dias de evento, grandes destaques da m\u00fasica regional se apresentaram movimentando a Pra\u00e7a de Alimenta\u00e7\u00e3o e animando o p\u00fablico.<\/p><p>A grande campe\u00e3 da edi\u00e7\u00e3o foi <strong>Alice Gouv\u00eaa<\/strong>, que conquistou os jurados e o p\u00fablico com sua performance. O segundo lugar ficou com <strong>Nanda Maia<\/strong>, enquanto <strong>Ananda Nakamura<\/strong> garantiu a terceira coloca\u00e7\u00e3o. A campe\u00e3, de 18 anos, j\u00e1 havia participado de outros concursos de karaok\u00ea e j\u00e1 tinha sido campe\u00e3 aos 15 anos. Em entrevista, ela compartilhou como foi participar do evento. \u201cFoi uma experi\u00eancia incr\u00edvel. O shopping estava lotado, ent\u00e3o deu um pouco de medo no come\u00e7o, mas a competi\u00e7\u00e3o foi muito boa. N\u00e3o tem pre\u00e7o que pague fazer o que a gente gosta e ser reconhecido por isso.\u201d<\/p><p>As audi\u00e7\u00f5es foram realizadas com 30 candidatos, tendo passado para semifinal apenas dez, que retornaram no \u00faltimo s\u00e1bado (22) para a disputa da vaga para a final, onde se classificaram apenas cinco candidatos. No domingo, o dia da grande final, contou com a apresenta\u00e7\u00e3o dos concorrentes ao lado de uma banda ao vivo.<\/p><p>A campe\u00e3 do evento conta quais foram as m\u00fasicas escolhidas para a competi\u00e7\u00e3o. \u201cPara a audi\u00e7\u00e3o, escolhi Valerie, da Amy Winehouse, que eu pude interagir bastante com a plateia. Na semifinal, cantei a Le Festin, m\u00fasica tema do filme Ratatouille, que durante muito tempo foi meu filme favorito e para a grande final, a escolhida foi Voil\u00e0, da Barbara Pravi, uma m\u00fasica que eu ensaio h\u00e1 pouco mais de um m\u00eas.\u201d<\/p><p>Al\u00e9m da competi\u00e7\u00e3o, o festival tamb\u00e9m contou com momentos de intera\u00e7\u00e3o com os visitantes por meio de um karaok\u00ea aberto ao p\u00fablico, refor\u00e7ando a proposta de integrar cultura, entretenimento e lazer. Para a gerente geral do Shopping P\u00e1tio Pinda, Renata Cruz, o evento refor\u00e7a o compromisso do empreendimento com o incentivo \u00e0 cultura e entretenimento. &#8220;Encerrar a primeira edi\u00e7\u00e3o do A Voz do Vale com tanta participa\u00e7\u00e3o do p\u00fablico e apresenta\u00e7\u00f5es de alto n\u00edvel mostra o quanto nossa regi\u00e3o \u00e9 rica em talentos. Ficamos muito felizes em proporcionar esse espa\u00e7o para esses novos artistas&#8221;, destaca.<\/p><p><strong>\u00a0<\/strong><\/p><p><strong>Shopping P\u00e1tio Pinda<\/strong><\/p><p>Constru\u00eddo em uma \u00e1rea de 120 mil metros quadrados, o Shopping P\u00e1tio Pinda \u00e9 resultado de um investimento de R$ 150 milh\u00f5es e j\u00e1 se consolidou como um espa\u00e7o de compras, lazer, entretenimento e conviv\u00eancia para moradores de Pindamonhangaba e regi\u00e3o. O empreendimento gera cerca de 2.400 empregos diretos e indiretos e oferece uma infraestrutura com mais de 115 lojas \u2013 seis \u00e2ncoras e cinco megalojas \u2013, quatro salas de cinema do Grupo Cine, sendo 2 salas 3D, uma diversificada pra\u00e7a de alimenta\u00e7\u00e3o, supermercado e ainda 1.300 vagas de estacionamento. Inaugurado em 21 de novembro de 2013, o empreendimento \u00e9 administrado pelo Grupo AD.<\/p>\t\t\t\t\t\t\t\t<\/div>\n\t\t\t\t\t<\/div>\n\t\t\t\t<\/div>\n\t\t<div class=\"elementor-element elementor-element-4f47743f e-flex e-con-boxed wpr-particle-no wpr-jarallax-no wpr-parallax-no wpr-sticky-section-no wpr-column-slider-no wpr-equal-height-no e-con e-parent\" data-id=\"4f47743f\" data-element_type=\"container\" data-e-type=\"container\" data-settings=\"{&quot;background_background&quot;:&quot;classic&quot;}\">\n\t\t\t\t\t<div class=\"e-con-inner\">\n\t\t\t\t<div class=\"elementor-element elementor-element-3ebb41a elementor-widget elementor-widget-heading\" data-id=\"3ebb41a\" data-element_type=\"widget\" data-e-type=\"widget\" data-widget_type=\"heading.default\">\n\t\t\t\t\t<h2 class=\"elementor-heading-title elementor-size-default\">Fa\u00e7a o download do release e imagens:<\/h2>\t\t\t\t<\/div>\n\t\t\t\t<div class=\"elementor-element elementor-element-6da046a elementor-arrows-position-outside elementor-pagination-position-outside elementor-widget elementor-widget-image-carousel\" data-id=\"6da046a\" data-element_type=\"widget\" data-e-type=\"widget\" data-settings=\"{&quot;slides_to_show&quot;:&quot;4&quot;,&quot;navigation&quot;:&quot;both&quot;,&quot;speed&quot;:500}\" data-widget_type=\"image-carousel.default\">\n\t\t\t\t\t\t\t<div class=\"elementor-image-carousel-wrapper swiper\" role=\"region\" aria-roledescription=\"carousel\" aria-label=\"Carrossel de imagens\" dir=\"ltr\">\n\t\t\t<div class=\"elementor-image-carousel swiper-wrapper\" aria-live=\"polite\">\n\t\t\t\t\t\t\t\t<div class=\"swiper-slide\" role=\"group\" aria-roledescription=\"slide\" aria-label=\"1 de 4\"><a data-elementor-open-lightbox=\"yes\" data-elementor-lightbox-slideshow=\"6da046a\" data-elementor-lightbox-title=\"WhatsApp Image 2026-08-24 at 14.31.01\" data-e-action-hash=\"#elementor-action%3Aaction%3Dlightbox%26settings%3DeyJpZCI6NDQ1MywidXJsIjoiaHR0cHM6XC9cL2NvbW11bmljYXJlYXNzZXNzb3JpYS5jb20uYnJcL2ltcHJlbnNhXC93cC1jb250ZW50XC91cGxvYWRzXC8yMDI2XC8wOFwvV2hhdHNBcHAtSW1hZ2UtMjAyNi0wOC0yNC1hdC0xNC4zMS4wMS5qcGVnIiwic2xpZGVzaG93IjoiNmRhMDQ2YSJ9\" href=\"https:\/\/communicareassessoria.com.br\/imprensa\/wp-content\/uploads\/2026\/08\/WhatsApp-Image-2026-08-24-at-14.31.01.jpeg\"><figure class=\"swiper-slide-inner\"><img decoding=\"async\" class=\"swiper-slide-image\" src=\"https:\/\/communicareassessoria.com.br\/imprensa\/wp-content\/uploads\/2026\/08\/WhatsApp-Image-2026-08-24-at-14.31.01-150x150.jpeg\" alt=\"WhatsApp Image 2026-08-24 at 14.31.01\" \/><\/figure><\/a><\/div><div class=\"swiper-slide\" role=\"group\" aria-roledescription=\"slide\" aria-label=\"2 de 4\"><a data-elementor-open-lightbox=\"yes\" data-elementor-lightbox-slideshow=\"6da046a\" data-elementor-lightbox-title=\"WhatsApp Image 2026-08-24 at 14.30.59 (1)\" data-e-action-hash=\"#elementor-action%3Aaction%3Dlightbox%26settings%3DeyJpZCI6NDQ1NCwidXJsIjoiaHR0cHM6XC9cL2NvbW11bmljYXJlYXNzZXNzb3JpYS5jb20uYnJcL2ltcHJlbnNhXC93cC1jb250ZW50XC91cGxvYWRzXC8yMDI2XC8wOFwvV2hhdHNBcHAtSW1hZ2UtMjAyNi0wOC0yNC1hdC0xNC4zMC41OS0xLmpwZWciLCJzbGlkZXNob3ciOiI2ZGEwNDZhIn0%3D\" href=\"https:\/\/communicareassessoria.com.br\/imprensa\/wp-content\/uploads\/2026\/08\/WhatsApp-Image-2026-08-24-at-14.30.59-1.jpeg\"><figure class=\"swiper-slide-inner\"><img decoding=\"async\" class=\"swiper-slide-image\" src=\"https:\/\/communicareassessoria.com.br\/imprensa\/wp-content\/uploads\/2026\/08\/WhatsApp-Image-2026-08-24-at-14.30.59-1-150x150.jpeg\" alt=\"WhatsApp Image 2026-08-24 at 14.30.59 (1)\" \/><\/figure><\/a><\/div><div class=\"swiper-slide\" role=\"group\" aria-roledescription=\"slide\" aria-label=\"3 de 4\"><a data-elementor-open-lightbox=\"yes\" data-elementor-lightbox-slideshow=\"6da046a\" data-elementor-lightbox-title=\"WhatsApp Image 2026-08-24 at 14.30.59\" data-e-action-hash=\"#elementor-action%3Aaction%3Dlightbox%26settings%3DeyJpZCI6NDQ1NSwidXJsIjoiaHR0cHM6XC9cL2NvbW11bmljYXJlYXNzZXNzb3JpYS5jb20uYnJcL2ltcHJlbnNhXC93cC1jb250ZW50XC91cGxvYWRzXC8yMDI2XC8wOFwvV2hhdHNBcHAtSW1hZ2UtMjAyNi0wOC0yNC1hdC0xNC4zMC41OS5qcGVnIiwic2xpZGVzaG93IjoiNmRhMDQ2YSJ9\" href=\"https:\/\/communicareassessoria.com.br\/imprensa\/wp-content\/uploads\/2026\/08\/WhatsApp-Image-2026-08-24-at-14.30.59.jpeg\"><figure class=\"swiper-slide-inner\"><img decoding=\"async\" class=\"swiper-slide-image\" src=\"https:\/\/communicareassessoria.com.br\/imprensa\/wp-content\/uploads\/2026\/08\/WhatsApp-Image-2026-08-24-at-14.30.59-150x150.jpeg\" alt=\"WhatsApp Image 2026-08-24 at 14.30.59\" \/><\/figure><\/a><\/div><div class=\"swiper-slide\" role=\"group\" aria-roledescription=\"slide\" aria-label=\"4 de 4\"><a data-elementor-open-lightbox=\"yes\" data-elementor-lightbox-slideshow=\"6da046a\" data-elementor-lightbox-title=\"WhatsApp Image 2026-08-24 at 14.31.01 (1)\" data-e-action-hash=\"#elementor-action%3Aaction%3Dlightbox%26settings%3DeyJpZCI6NDQ1NiwidXJsIjoiaHR0cHM6XC9cL2NvbW11bmljYXJlYXNzZXNzb3JpYS5jb20uYnJcL2ltcHJlbnNhXC93cC1jb250ZW50XC91cGxvYWRzXC8yMDI2XC8wOFwvV2hhdHNBcHAtSW1hZ2UtMjAyNi0wOC0yNC1hdC0xNC4zMS4wMS0xLmpwZWciLCJzbGlkZXNob3ciOiI2ZGEwNDZhIn0%3D\" href=\"https:\/\/communicareassessoria.com.br\/imprensa\/wp-content\/uploads\/2026\/08\/WhatsApp-Image-2026-08-24-at-14.31.01-1.jpeg\"><figure class=\"swiper-slide-inner\"><img decoding=\"async\" class=\"swiper-slide-image\" src=\"https:\/\/communicareassessoria.com.br\/imprensa\/wp-content\/uploads\/2026\/08\/WhatsApp-Image-2026-08-24-at-14.31.01-1-150x150.jpeg\" alt=\"WhatsApp Image 2026-08-24 at 14.31.01 (1)\" \/><\/figure><\/a><\/div>\t\t\t<\/div>\n\t\t\t\t\t\t\t\t\t\t\t\t<div class=\"elementor-swiper-button elementor-swiper-button-prev\" role=\"button\" tabindex=\"0\">\n\t\t\t\t\t\t<svg aria-hidden=\"true\" class=\"e-font-icon-svg e-eicon-chevron-left\" viewBox=\"0 0 1000 1000\" xmlns=\"http:\/\/www.w3.org\/2000\/svg\"><path d=\"M646 125C629 125 613 133 604 142L308 442C296 454 292 471 292 487 292 504 296 521 308 533L604 854C617 867 629 875 646 875 663 875 679 871 692 858 704 846 713 829 713 812 713 796 708 779 692 767L438 487 692 225C700 217 708 204 708 187 708 171 704 154 692 142 675 129 663 125 646 125Z\"><\/path><\/svg>\t\t\t\t\t<\/div>\n\t\t\t\t\t<div class=\"elementor-swiper-button elementor-swiper-button-next\" role=\"button\" tabindex=\"0\">\n\t\t\t\t\t\t<svg aria-hidden=\"true\" class=\"e-font-icon-svg e-eicon-chevron-right\" viewBox=\"0 0 1000 1000\" xmlns=\"http:\/\/www.w3.org\/2000\/svg\"><path d=\"M696 533C708 521 713 504 713 487 713 471 708 454 696 446L400 146C388 133 375 125 354 125 338 125 325 129 313 142 300 154 292 171 292 187 292 204 296 221 308 233L563 492 304 771C292 783 288 800 288 817 288 833 296 850 308 863 321 871 338 875 354 875 371 875 388 867 400 854L696 533Z\"><\/path><\/svg>\t\t\t\t\t<\/div>\n\t\t\t\t\n\t\t\t\t\t\t\t\t\t<div class=\"swiper-pagination\"><\/div>\n\t\t\t\t\t\t\t\t\t<\/div>\n\t\t\t\t\t\t<\/div>\n\t\t\t\t<div class=\"elementor-element elementor-element-d894230 elementor-align-left elementor-mobile-align-center elementor-widget elementor-widget-button\" data-id=\"d894230\" data-element_type=\"widget\" data-e-type=\"widget\" data-widget_type=\"button.default\">\n\t\t\t\t\t\t\t\t\t\t<a class=\"elementor-button elementor-button-link elementor-size-sm\" href=\"https:\/\/communicareassessoria.com.br\/imprensa\/wp-content\/uploads\/2026\/02\/Moviecom-todos-TSC.pdf\" target=\"_blank\">\n\t\t\t\t\t\t<span class=\"elementor-button-content-wrapper\">\n\t\t\t\t\t\t\t\t\t<span class=\"elementor-button-text\">Acesse os arquivos de m\u00eddia<\/span>\n\t\t\t\t\t<\/span>\n\t\t\t\t\t<\/a>\n\t\t\t\t\t\t\t\t<\/div>\n\t\t\t\t\t<\/div>\n\t\t\t\t<\/div>\n\t\t\t\t<\/div>\n\t\t","protected":false},"excerpt":{"rendered":"<p>Concurso promovido com a Valever TV chegou ao fim no domingo (23), ap\u00f3s quatro dias de apresenta\u00e7\u00f5es O Shopping P\u00e1tio Pinda, administrado pelo Grupo AD, recebeu no \u00faltimo domingo (23) a grande final do A Voz do Vale \u2013 Festival de Talentos Musicais, realizado em parceria com a Valever TV. Ap\u00f3s quatro dias de evento, grandes destaques da m\u00fasica regional se apresentaram movimentando a Pra\u00e7a de Alimenta\u00e7\u00e3o e animando o p\u00fablico. A grande campe\u00e3 da edi\u00e7\u00e3o foi Alice Gouv\u00eaa, que conquistou os jurados e o p\u00fablico com sua performance. O segundo lugar ficou com Nanda Maia, enquanto Ananda Nakamura garantiu a terceira coloca\u00e7\u00e3o. A campe\u00e3, de 18 anos, j\u00e1 havia participado de outros concursos de karaok\u00ea e j\u00e1 tinha sido campe\u00e3 aos 15 anos. Em entrevista, ela compartilhou como foi participar do evento. \u201cFoi uma experi\u00eancia incr\u00edvel. O shopping estava lotado, ent\u00e3o deu um pouco de medo no come\u00e7o, mas a competi\u00e7\u00e3o foi muito boa. N\u00e3o tem pre\u00e7o que pague fazer o que a gente gosta e ser reconhecido por isso.\u201d As audi\u00e7\u00f5es foram realizadas com 30 candidatos, tendo passado para semifinal apenas dez, que retornaram no \u00faltimo s\u00e1bado (22) para a disputa da vaga para a final, onde se classificaram apenas cinco candidatos. No domingo, o dia da grande final, contou com a apresenta\u00e7\u00e3o dos concorrentes ao lado de uma banda ao vivo. A campe\u00e3 do evento conta quais foram as m\u00fasicas escolhidas para a competi\u00e7\u00e3o. \u201cPara a audi\u00e7\u00e3o, escolhi Valerie, da Amy Winehouse, que eu pude interagir bastante com a plateia. Na semifinal, cantei a Le Festin, m\u00fasica tema do filme Ratatouille, que durante muito tempo foi meu filme favorito e para a grande final, a escolhida foi Voil\u00e0, da Barbara Pravi, uma m\u00fasica que eu ensaio h\u00e1 pouco mais de um m\u00eas.\u201d Al\u00e9m da competi\u00e7\u00e3o, o festival tamb\u00e9m contou com momentos de intera\u00e7\u00e3o com os visitantes por meio de um karaok\u00ea aberto ao p\u00fablico, refor\u00e7ando a proposta de integrar cultura, entretenimento e lazer. Para a gerente geral do Shopping P\u00e1tio Pinda, Renata Cruz, o evento refor\u00e7a o compromisso do empreendimento com o incentivo \u00e0 cultura e entretenimento. &#8220;Encerrar a primeira edi\u00e7\u00e3o do A Voz do Vale com tanta participa\u00e7\u00e3o do p\u00fablico e apresenta\u00e7\u00f5es de alto n\u00edvel mostra o quanto nossa regi\u00e3o \u00e9 rica em talentos. Ficamos muito felizes em proporcionar esse espa\u00e7o para esses novos artistas&#8221;, destaca. \u00a0 Shopping P\u00e1tio Pinda Constru\u00eddo em uma \u00e1rea de 120 mil metros quadrados, o Shopping P\u00e1tio Pinda \u00e9 resultado de um investimento de R$ 150 milh\u00f5es e j\u00e1 se consolidou como um espa\u00e7o de compras, lazer, entretenimento e conviv\u00eancia para moradores de Pindamonhangaba e regi\u00e3o. O empreendimento gera cerca de 2.400 empregos diretos e indiretos e oferece uma infraestrutura com mais de 115 lojas \u2013 seis \u00e2ncoras e cinco megalojas \u2013, quatro salas de cinema do Grupo Cine, sendo 2 salas 3D, uma diversificada pra\u00e7a de alimenta\u00e7\u00e3o, supermercado e ainda 1.300 vagas de estacionamento. Inaugurado em 21 de novembro de 2013, o empreendimento \u00e9 administrado pelo Grupo AD. Fa\u00e7a o download do release e imagens: Acesse os arquivos de m\u00eddia<\/p>\n","protected":false},"author":2,"featured_media":4455,"comment_status":"open","ping_status":"open","sticky":false,"template":"","format":"standard","meta":{"footnotes":""},"categories":[4],"tags":[187,192,308],"class_list":["post-4450","post","type-post","status-publish","format-standard","has-post-thumbnail","hentry","category-shopping-patio-pinda","tag-evento","tag-musica","tag-talentos"],"_links":{"self":[{"href":"https:\/\/communicareassessoria.com.br\/imprensa\/wp-json\/wp\/v2\/posts\/4450","targetHints":{"allow":["GET"]}}],"collection":[{"href":"https:\/\/communicareassessoria.com.br\/imprensa\/wp-json\/wp\/v2\/posts"}],"about":[{"href":"https:\/\/communicareassessoria.com.br\/imprensa\/wp-json\/wp\/v2\/types\/post"}],"author":[{"embeddable":true,"href":"https:\/\/communicareassessoria.com.br\/imprensa\/wp-json\/wp\/v2\/users\/2"}],"replies":[{"embeddable":true,"href":"https:\/\/communicareassessoria.com.br\/imprensa\/wp-json\/wp\/v2\/comments?post=4450"}],"version-history":[{"count":5,"href":"https:\/\/communicareassessoria.com.br\/imprensa\/wp-json\/wp\/v2\/posts\/4450\/revisions"}],"predecessor-version":[{"id":4459,"href":"https:\/\/communicareassessoria.com.br\/imprensa\/wp-json\/wp\/v2\/posts\/4450\/revisions\/4459"}],"wp:featuredmedia":[{"embeddable":true,"href":"https:\/\/communicareassessoria.com.br\/imprensa\/wp-json\/wp\/v2\/media\/4455"}],"wp:attachment":[{"href":"https:\/\/communicareassessoria.com.br\/imprensa\/wp-json\/wp\/v2\/media?parent=4450"}],"wp:term":[{"taxonomy":"category","embeddable":true,"href":"https:\/\/communicareassessoria.com.br\/imprensa\/wp-json\/wp\/v2\/categories?post=4450"},{"taxonomy":"post_tag","embeddable":true,"href":"https:\/\/communicareassessoria.com.br\/imprensa\/wp-json\/wp\/v2\/tags?post=4450"}],"curies":[{"name":"wp","href":"https:\/\/api.w.org\/{rel}","templated":true}]}}