{"id":4486,"date":"2026-08-26T13:39:30","date_gmt":"2026-08-26T13:39:30","guid":{"rendered":"https:\/\/communicareassessoria.com.br\/imprensa\/?p=4486"},"modified":"2026-08-26T13:41:27","modified_gmt":"2026-08-26T13:41:27","slug":"circuito-agosto-lilas-taubate-shopping-recebe-acao-de-conscientizacao-pelo-fim-da-violencia-contra-a-mulher","status":"publish","type":"post","link":"https:\/\/communicareassessoria.com.br\/imprensa\/circuito-agosto-lilas-taubate-shopping-recebe-acao-de-conscientizacao-pelo-fim-da-violencia-contra-a-mulher\/","title":{"rendered":"Circuito Agosto Lil\u00e1s: Taubat\u00e9 Shopping recebe a\u00e7\u00e3o de conscientiza\u00e7\u00e3o pelo fim da viol\u00eancia contra a mulher"},"content":{"rendered":"\t\t<div data-elementor-type=\"wp-post\" data-elementor-id=\"4486\" class=\"elementor elementor-4486\">\n\t\t\t\t<div class=\"elementor-element elementor-element-bb54d89 e-flex e-con-boxed wpr-particle-no wpr-jarallax-no wpr-parallax-no wpr-sticky-section-no wpr-column-slider-no wpr-equal-height-no e-con e-parent\" data-id=\"bb54d89\" data-element_type=\"container\" data-e-type=\"container\">\n\t\t\t\t\t<div class=\"e-con-inner\">\n\t\t\t\t<div class=\"elementor-element elementor-element-ac324b5 elementor-widget elementor-widget-text-editor\" data-id=\"ac324b5\" data-element_type=\"widget\" data-e-type=\"widget\" data-widget_type=\"text-editor.default\">\n\t\t\t\t\t\t\t\t\t<p style=\"text-align: center;\" align=\"center\"><em>Programa\u00e7\u00e3o deste s\u00e1bado (29) contar\u00e1 com roda de conversa e t\u00e9cnicas de defesa pessoal<\/em><\/p><p>O <strong>Circuito Agosto Lil\u00e1s<\/strong> chega ao <strong>Taubat\u00e9 Shopping<\/strong>, administrado pelo Grupo AD, neste s\u00e1bado (29), com uma programa\u00e7\u00e3o dedicada \u00e0 informa\u00e7\u00e3o, \u00e0 conscientiza\u00e7\u00e3o e \u00e0 prote\u00e7\u00e3o das mulheres. Ao longo da tarde, o p\u00fablico poder\u00e1 participar de uma roda de conversa sobre direitos e formas prote\u00e7\u00e3o, e ainda vivenciar, na pr\u00e1tica, t\u00e9cnicas de defesa pessoal.<\/p><p>A programa\u00e7\u00e3o \u00e9 gratuita e ter\u00e1 in\u00edcio \u00e0s 14h, com a abertura do circuito pr\u00f3ximo \u00e0 loja Pernambucanas. Durante a a\u00e7\u00e3o, a advogada e policial civil Claudia Faria conduzir\u00e1 o <strong>bate-papo sobre prote\u00e7\u00e3o, seguran\u00e7a e direitos das mulheres<\/strong>, abordando temas como a <strong>Lei Maria da Penha<\/strong>, a <strong>Lei Carolina Dieckmann<\/strong> e as <strong>novas regras relacionadas ao uso do spray de pimenta<\/strong>.<\/p><p>Na sequ\u00eancia, a professora de Defesa Pessoal Evelyn Santos e o Sensei Denis Mengual apresentar\u00e3o <strong>t\u00e9cnicas b\u00e1sicas de defesa pessoal<\/strong> por meio do Jiu-Jitsu, al\u00e9m de orienta\u00e7\u00f5es para reconhecer e perceber situa\u00e7\u00f5es de risco.<\/p><p>As rodas de conversa ser\u00e3o realizadas \u00e0s 14h30, 15h30 e 16h30, enquanto a viv\u00eancia de defesa pessoal ter\u00e1 turmas \u00e0s 15h, 16h e 17h. As inscri\u00e7\u00f5es para participar do circuito devem ser feitas pelo <a href=\"https:\/\/www.sympla.com.br\/evento\/circuito-agosto-lilas-taubate-shopping\/3548739\" target=\"_blank\" rel=\"noopener\">www.sympla.com.br\/evento\/circuito-agosto-lilas-taubate-shopping\/3548739<\/a>, onde o participante dever\u00e1 selecionar o hor\u00e1rio de sua prefer\u00eancia. As vagas s\u00e3o limitadas.<\/p><p>\u201cAcreditamos que informa\u00e7\u00e3o e preparo s\u00e3o ferramentas essenciais para enfrentar a viol\u00eancia. Nosso objetivo \u00e9 mostrar que a defesa pessoal vai al\u00e9m das t\u00e9cnicas f\u00edsicas, vamos orientar as mulheres sobre preven\u00e7\u00e3o, percep\u00e7\u00e3o de riscos e atitudes que podem contribuir com a pr\u00f3pria seguran\u00e7a\u201d, explica Evelyn Santos, organizadora da a\u00e7\u00e3o.<\/p><p>Para Lilian Giacomini, Coordenadora de Marketing do Taubat\u00e9 Shopping, promover espa\u00e7os de informa\u00e7\u00e3o, acolhimento e conscientiza\u00e7\u00e3o \u00e9 tamb\u00e9m uma forma de contribuir para o enfrentamento \u00e0 viol\u00eancia contra a mulher. \u201cO Circuito Agosto Lil\u00e1s refor\u00e7a nosso compromisso social e cria um espa\u00e7o de di\u00e1logo, aprendizado e fortalecimento, aproximando a comunidade de informa\u00e7\u00f5es que podem fazer a diferen\u00e7a.\u201d<\/p><p><em>Agosto Lil\u00e1s<\/em><\/p><p>O Agosto Lil\u00e1s \u00e9 uma campanha nacional de conscientiza\u00e7\u00e3o pelo fim da viol\u00eancia dom\u00e9stica e familiar contra a mulher, realizada durante todo o m\u00eas de agosto em refer\u00eancia ao anivers\u00e1rio da Lei Maria da Penha, sancionada em 7 de agosto de 2006. Em 2026, a legisla\u00e7\u00e3o completou 20 anos, consolidando-se como um dos principais instrumentos de prote\u00e7\u00e3o e garantia dos direitos das mulheres no Brasil.<\/p><p>J\u00e1 os dados refor\u00e7am a necessidade de iniciativas de conscientiza\u00e7\u00e3o como essa. Segundo a Secretaria da Seguran\u00e7a P\u00fablica do Estado de S\u00e3o Paulo (SSP), o estado registrou 142 feminic\u00eddios entre janeiro e junho de 2026, contra 110 casos no mesmo per\u00edodo de 2025, representando um aumento de quase 30%. No Vale do Para\u00edba, o n\u00famero de v\u00edtimas tamb\u00e9m cresceu, passando de oito para 11 casos no mesmo per\u00edodo.<\/p><p>\u00a0<\/p><p><strong><em><u>Circuito Agosto Lil\u00e1s:<\/u><\/em><\/strong><\/p><p><strong><u>Data:<\/u><\/strong> 29 de agosto<\/p><p><strong><u>Hor\u00e1rio:<\/u><\/strong> das 14h \u00e0s 18h<\/p><p><strong><u>Local:<\/u><\/strong> corredor da Pernambucanas<\/p><p><strong><u>Inscri\u00e7\u00f5es gratuitas: <\/u><\/strong><a href=\"https:\/\/www.sympla.com.br\/evento\/circuito-agosto-lilas-taubate-shopping\/3548739\" target=\"_blank\" rel=\"noopener\">https:\/\/www.sympla.com.br\/evento\/circuito-agosto-lilas-taubate-shopping\/3548739<\/a><\/p><p>\u00a0<\/p><p><strong><em><u>Programa\u00e7\u00e3o completa:<\/u><\/em><\/strong><\/p><p>14h: Abertura do Circuito<\/p><p>14h30, 15h30 e 16h30: Roda de conversa sobre leis com Claudia Faria, Advogada e Policial Civil<\/p><p>15h, 16h e 17h: Viv\u00eancia de Defesa Pessoal com Evelyn Santos, Professora de Defesa Pessoal e Sensei Denis Mengual<\/p><p>17h30: Encerramento<br \/><br \/><\/p><p><strong>Taubat\u00e9 Shopping<\/strong><\/p><p>Com uma \u00e1rea constru\u00edda de mais de 50 mil metros quadrados, o Taubat\u00e9 Shopping est\u00e1 h\u00e1 36 anos na regi\u00e3o e gera cerca de 3 mil empregos diretos e indiretos. Sua infraestrutura inclui 200 lojas sat\u00e9lites, sete lojas \u00e2ncoras, quatro semi\u00e2ncoras, sete megalojas, cinco salas de cinema da rede Moviecom (tr\u00eas delas com tecnologia Moviecom X), boliche, a mais completa pra\u00e7a de alimenta\u00e7\u00e3o da regi\u00e3o, academia, faculdade e mais de mil vagas de estacionamento. Inaugurado em 9 de novembro de 1989, o empreendimento \u00e9 administrado pelo Grupo AD e est\u00e1 localizado na Av. Charles Schnneider, n\u00ba 1700 &#8211; Vila Costa.<\/p>\t\t\t\t\t\t\t\t<\/div>\n\t\t\t\t\t<\/div>\n\t\t\t\t<\/div>\n\t\t<div class=\"elementor-element elementor-element-4f47743f e-flex e-con-boxed wpr-particle-no wpr-jarallax-no wpr-parallax-no wpr-sticky-section-no wpr-column-slider-no wpr-equal-height-no e-con e-parent\" data-id=\"4f47743f\" data-element_type=\"container\" data-e-type=\"container\" data-settings=\"{&quot;background_background&quot;:&quot;classic&quot;}\">\n\t\t\t\t\t<div class=\"e-con-inner\">\n\t\t\t\t<div class=\"elementor-element elementor-element-3ebb41a elementor-widget elementor-widget-heading\" data-id=\"3ebb41a\" data-element_type=\"widget\" data-e-type=\"widget\" data-widget_type=\"heading.default\">\n\t\t\t\t\t<h2 class=\"elementor-heading-title elementor-size-default\">Fa\u00e7a o download do release e imagens:<\/h2>\t\t\t\t<\/div>\n\t\t\t\t<div class=\"elementor-element elementor-element-6da046a elementor-arrows-position-outside elementor-pagination-position-outside elementor-widget elementor-widget-image-carousel\" data-id=\"6da046a\" data-element_type=\"widget\" data-e-type=\"widget\" data-settings=\"{&quot;slides_to_show&quot;:&quot;4&quot;,&quot;navigation&quot;:&quot;both&quot;,&quot;speed&quot;:500}\" data-widget_type=\"image-carousel.default\">\n\t\t\t\t\t\t\t<div class=\"elementor-image-carousel-wrapper swiper\" role=\"region\" aria-roledescription=\"carousel\" aria-label=\"Carrossel de imagens\" dir=\"ltr\">\n\t\t\t<div class=\"elementor-image-carousel swiper-wrapper\" aria-live=\"polite\">\n\t\t\t\t\t\t\t\t<div class=\"swiper-slide\" role=\"group\" aria-roledescription=\"slide\" aria-label=\"1 de 2\"><a data-elementor-open-lightbox=\"yes\" data-elementor-lightbox-slideshow=\"6da046a\" data-elementor-lightbox-title=\"arte agosto lil\u00e1s\" data-e-action-hash=\"#elementor-action%3Aaction%3Dlightbox%26settings%3DeyJpZCI6NDQ4OCwidXJsIjoiaHR0cHM6XC9cL2NvbW11bmljYXJlYXNzZXNzb3JpYS5jb20uYnJcL2ltcHJlbnNhXC93cC1jb250ZW50XC91cGxvYWRzXC8yMDI2XC8wOFwvYXJ0ZS1hZ29zdG8tbGlsYXMuanBlZyIsInNsaWRlc2hvdyI6IjZkYTA0NmEifQ%3D%3D\" href=\"https:\/\/communicareassessoria.com.br\/imprensa\/wp-content\/uploads\/2026\/08\/arte-agosto-lilas.jpeg\"><figure class=\"swiper-slide-inner\"><img decoding=\"async\" class=\"swiper-slide-image\" src=\"https:\/\/communicareassessoria.com.br\/imprensa\/wp-content\/uploads\/2026\/08\/arte-agosto-lilas-150x150.jpeg\" alt=\"arte agosto lil\u00e1s\" \/><\/figure><\/a><\/div><div class=\"swiper-slide\" role=\"group\" aria-roledescription=\"slide\" aria-label=\"2 de 2\"><a data-elementor-open-lightbox=\"yes\" data-elementor-lightbox-slideshow=\"6da046a\" data-elementor-lightbox-title=\"programa\u00e7\u00e3o agosto lil\u00e1s\" data-e-action-hash=\"#elementor-action%3Aaction%3Dlightbox%26settings%3DeyJpZCI6NDQ4OSwidXJsIjoiaHR0cHM6XC9cL2NvbW11bmljYXJlYXNzZXNzb3JpYS5jb20uYnJcL2ltcHJlbnNhXC93cC1jb250ZW50XC91cGxvYWRzXC8yMDI2XC8wOFwvcHJvZ3JhbWFjYW8tYWdvc3RvLWxpbGFzLmpwZWciLCJzbGlkZXNob3ciOiI2ZGEwNDZhIn0%3D\" href=\"https:\/\/communicareassessoria.com.br\/imprensa\/wp-content\/uploads\/2026\/08\/programacao-agosto-lilas.jpeg\"><figure class=\"swiper-slide-inner\"><img decoding=\"async\" class=\"swiper-slide-image\" src=\"https:\/\/communicareassessoria.com.br\/imprensa\/wp-content\/uploads\/2026\/08\/programacao-agosto-lilas-150x150.jpeg\" alt=\"programa\u00e7\u00e3o agosto lil\u00e1s\" \/><\/figure><\/a><\/div>\t\t\t<\/div>\n\t\t\t\t\t\t\t\t\t\t\t\t<div class=\"elementor-swiper-button elementor-swiper-button-prev\" role=\"button\" tabindex=\"0\">\n\t\t\t\t\t\t<svg aria-hidden=\"true\" class=\"e-font-icon-svg e-eicon-chevron-left\" viewBox=\"0 0 1000 1000\" xmlns=\"http:\/\/www.w3.org\/2000\/svg\"><path d=\"M646 125C629 125 613 133 604 142L308 442C296 454 292 471 292 487 292 504 296 521 308 533L604 854C617 867 629 875 646 875 663 875 679 871 692 858 704 846 713 829 713 812 713 796 708 779 692 767L438 487 692 225C700 217 708 204 708 187 708 171 704 154 692 142 675 129 663 125 646 125Z\"><\/path><\/svg>\t\t\t\t\t<\/div>\n\t\t\t\t\t<div class=\"elementor-swiper-button elementor-swiper-button-next\" role=\"button\" tabindex=\"0\">\n\t\t\t\t\t\t<svg aria-hidden=\"true\" class=\"e-font-icon-svg e-eicon-chevron-right\" viewBox=\"0 0 1000 1000\" xmlns=\"http:\/\/www.w3.org\/2000\/svg\"><path d=\"M696 533C708 521 713 504 713 487 713 471 708 454 696 446L400 146C388 133 375 125 354 125 338 125 325 129 313 142 300 154 292 171 292 187 292 204 296 221 308 233L563 492 304 771C292 783 288 800 288 817 288 833 296 850 308 863 321 871 338 875 354 875 371 875 388 867 400 854L696 533Z\"><\/path><\/svg>\t\t\t\t\t<\/div>\n\t\t\t\t\n\t\t\t\t\t\t\t\t\t<div class=\"swiper-pagination\"><\/div>\n\t\t\t\t\t\t\t\t\t<\/div>\n\t\t\t\t\t\t<\/div>\n\t\t\t\t<div class=\"elementor-element elementor-element-d894230 elementor-align-left elementor-mobile-align-center elementor-widget elementor-widget-button\" data-id=\"d894230\" data-element_type=\"widget\" data-e-type=\"widget\" data-widget_type=\"button.default\">\n\t\t\t\t\t\t\t\t\t\t<a class=\"elementor-button elementor-button-link elementor-size-sm\" href=\"https:\/\/communicareassessoria.com.br\/imprensa\/wp-content\/uploads\/2026\/02\/Moviecom-todos-TSC.pdf\" target=\"_blank\">\n\t\t\t\t\t\t<span class=\"elementor-button-content-wrapper\">\n\t\t\t\t\t\t\t\t\t<span class=\"elementor-button-text\">Acesse os arquivos de m\u00eddia<\/span>\n\t\t\t\t\t<\/span>\n\t\t\t\t\t<\/a>\n\t\t\t\t\t\t\t\t<\/div>\n\t\t\t\t\t<\/div>\n\t\t\t\t<\/div>\n\t\t\t\t<\/div>\n\t\t","protected":false},"excerpt":{"rendered":"<p>Programa\u00e7\u00e3o deste s\u00e1bado (29) contar\u00e1 com roda de conversa e t\u00e9cnicas de defesa pessoal O Circuito Agosto Lil\u00e1s chega ao Taubat\u00e9 Shopping, administrado pelo Grupo AD, neste s\u00e1bado (29), com uma programa\u00e7\u00e3o dedicada \u00e0 informa\u00e7\u00e3o, \u00e0 conscientiza\u00e7\u00e3o e \u00e0 prote\u00e7\u00e3o das mulheres. Ao longo da tarde, o p\u00fablico poder\u00e1 participar de uma roda de conversa sobre direitos e formas prote\u00e7\u00e3o, e ainda vivenciar, na pr\u00e1tica, t\u00e9cnicas de defesa pessoal. A programa\u00e7\u00e3o \u00e9 gratuita e ter\u00e1 in\u00edcio \u00e0s 14h, com a abertura do circuito pr\u00f3ximo \u00e0 loja Pernambucanas. Durante a a\u00e7\u00e3o, a advogada e policial civil Claudia Faria conduzir\u00e1 o bate-papo sobre prote\u00e7\u00e3o, seguran\u00e7a e direitos das mulheres, abordando temas como a Lei Maria da Penha, a Lei Carolina Dieckmann e as novas regras relacionadas ao uso do spray de pimenta. Na sequ\u00eancia, a professora de Defesa Pessoal Evelyn Santos e o Sensei Denis Mengual apresentar\u00e3o t\u00e9cnicas b\u00e1sicas de defesa pessoal por meio do Jiu-Jitsu, al\u00e9m de orienta\u00e7\u00f5es para reconhecer e perceber situa\u00e7\u00f5es de risco. As rodas de conversa ser\u00e3o realizadas \u00e0s 14h30, 15h30 e 16h30, enquanto a viv\u00eancia de defesa pessoal ter\u00e1 turmas \u00e0s 15h, 16h e 17h. As inscri\u00e7\u00f5es para participar do circuito devem ser feitas pelo www.sympla.com.br\/evento\/circuito-agosto-lilas-taubate-shopping\/3548739, onde o participante dever\u00e1 selecionar o hor\u00e1rio de sua prefer\u00eancia. As vagas s\u00e3o limitadas. \u201cAcreditamos que informa\u00e7\u00e3o e preparo s\u00e3o ferramentas essenciais para enfrentar a viol\u00eancia. Nosso objetivo \u00e9 mostrar que a defesa pessoal vai al\u00e9m das t\u00e9cnicas f\u00edsicas, vamos orientar as mulheres sobre preven\u00e7\u00e3o, percep\u00e7\u00e3o de riscos e atitudes que podem contribuir com a pr\u00f3pria seguran\u00e7a\u201d, explica Evelyn Santos, organizadora da a\u00e7\u00e3o. Para Lilian Giacomini, Coordenadora de Marketing do Taubat\u00e9 Shopping, promover espa\u00e7os de informa\u00e7\u00e3o, acolhimento e conscientiza\u00e7\u00e3o \u00e9 tamb\u00e9m uma forma de contribuir para o enfrentamento \u00e0 viol\u00eancia contra a mulher. \u201cO Circuito Agosto Lil\u00e1s refor\u00e7a nosso compromisso social e cria um espa\u00e7o de di\u00e1logo, aprendizado e fortalecimento, aproximando a comunidade de informa\u00e7\u00f5es que podem fazer a diferen\u00e7a.\u201d Agosto Lil\u00e1s O Agosto Lil\u00e1s \u00e9 uma campanha nacional de conscientiza\u00e7\u00e3o pelo fim da viol\u00eancia dom\u00e9stica e familiar contra a mulher, realizada durante todo o m\u00eas de agosto em refer\u00eancia ao anivers\u00e1rio da Lei Maria da Penha, sancionada em 7 de agosto de 2006. Em 2026, a legisla\u00e7\u00e3o completou 20 anos, consolidando-se como um dos principais instrumentos de prote\u00e7\u00e3o e garantia dos direitos das mulheres no Brasil. J\u00e1 os dados refor\u00e7am a necessidade de iniciativas de conscientiza\u00e7\u00e3o como essa. Segundo a Secretaria da Seguran\u00e7a P\u00fablica do Estado de S\u00e3o Paulo (SSP), o estado registrou 142 feminic\u00eddios entre janeiro e junho de 2026, contra 110 casos no mesmo per\u00edodo de 2025, representando um aumento de quase 30%. No Vale do Para\u00edba, o n\u00famero de v\u00edtimas tamb\u00e9m cresceu, passando de oito para 11 casos no mesmo per\u00edodo. \u00a0 Circuito Agosto Lil\u00e1s: Data: 29 de agosto Hor\u00e1rio: das 14h \u00e0s 18h Local: corredor da Pernambucanas Inscri\u00e7\u00f5es gratuitas: https:\/\/www.sympla.com.br\/evento\/circuito-agosto-lilas-taubate-shopping\/3548739 \u00a0 Programa\u00e7\u00e3o completa: 14h: Abertura do Circuito 14h30, 15h30 e 16h30: Roda de conversa sobre leis com Claudia Faria, Advogada e Policial Civil 15h, 16h e 17h: Viv\u00eancia de Defesa Pessoal com Evelyn Santos, Professora de Defesa Pessoal e Sensei Denis Mengual 17h30: Encerramento Taubat\u00e9 Shopping Com uma \u00e1rea constru\u00edda de mais de 50 mil metros quadrados, o Taubat\u00e9 Shopping est\u00e1 h\u00e1 36 anos na regi\u00e3o e gera cerca de 3 mil empregos diretos e indiretos. Sua infraestrutura inclui 200 lojas sat\u00e9lites, sete lojas \u00e2ncoras, quatro semi\u00e2ncoras, sete megalojas, cinco salas de cinema da rede Moviecom (tr\u00eas delas com tecnologia Moviecom X), boliche, a mais completa pra\u00e7a de alimenta\u00e7\u00e3o da regi\u00e3o, academia, faculdade e mais de mil vagas de estacionamento. Inaugurado em 9 de novembro de 1989, o empreendimento \u00e9 administrado pelo Grupo AD e est\u00e1 localizado na Av. Charles Schnneider, n\u00ba 1700 &#8211; Vila Costa. Fa\u00e7a o download do release e imagens: Acesse os arquivos de m\u00eddia<\/p>\n","protected":false},"author":2,"featured_media":4488,"comment_status":"open","ping_status":"open","sticky":false,"template":"","format":"standard","meta":{"footnotes":""},"categories":[5],"tags":[315,316,172],"class_list":["post-4486","post","type-post","status-publish","format-standard","has-post-thumbnail","hentry","category-taubate-shopping","tag-agosto-lilas","tag-defesa-pessoal","tag-roda-de-conversa"],"_links":{"self":[{"href":"https:\/\/communicareassessoria.com.br\/imprensa\/wp-json\/wp\/v2\/posts\/4486","targetHints":{"allow":["GET"]}}],"collection":[{"href":"https:\/\/communicareassessoria.com.br\/imprensa\/wp-json\/wp\/v2\/posts"}],"about":[{"href":"https:\/\/communicareassessoria.com.br\/imprensa\/wp-json\/wp\/v2\/types\/post"}],"author":[{"embeddable":true,"href":"https:\/\/communicareassessoria.com.br\/imprensa\/wp-json\/wp\/v2\/users\/2"}],"replies":[{"embeddable":true,"href":"https:\/\/communicareassessoria.com.br\/imprensa\/wp-json\/wp\/v2\/comments?post=4486"}],"version-history":[{"count":4,"href":"https:\/\/communicareassessoria.com.br\/imprensa\/wp-json\/wp\/v2\/posts\/4486\/revisions"}],"predecessor-version":[{"id":4492,"href":"https:\/\/communicareassessoria.com.br\/imprensa\/wp-json\/wp\/v2\/posts\/4486\/revisions\/4492"}],"wp:featuredmedia":[{"embeddable":true,"href":"https:\/\/communicareassessoria.com.br\/imprensa\/wp-json\/wp\/v2\/media\/4488"}],"wp:attachment":[{"href":"https:\/\/communicareassessoria.com.br\/imprensa\/wp-json\/wp\/v2\/media?parent=4486"}],"wp:term":[{"taxonomy":"category","embeddable":true,"href":"https:\/\/communicareassessoria.com.br\/imprensa\/wp-json\/wp\/v2\/categories?post=4486"},{"taxonomy":"post_tag","embeddable":true,"href":"https:\/\/communicareassessoria.com.br\/imprensa\/wp-json\/wp\/v2\/tags?post=4486"}],"curies":[{"name":"wp","href":"https:\/\/api.w.org\/{rel}","templated":true}]}}