{"id":4542,"date":"2026-09-03T12:18:14","date_gmt":"2026-09-03T12:18:14","guid":{"rendered":"https:\/\/communicareassessoria.com.br\/imprensa\/?p=4542"},"modified":"2026-09-03T12:20:59","modified_gmt":"2026-09-03T12:20:59","slug":"estudantes-levam-projetos-para-celebrar-o-dia-do-biologo-no-taubate-shopping","status":"publish","type":"post","link":"https:\/\/communicareassessoria.com.br\/imprensa\/estudantes-levam-projetos-para-celebrar-o-dia-do-biologo-no-taubate-shopping\/","title":{"rendered":"Estudantes levam projetos para celebrar o Dia do Bi\u00f3logo no Taubat\u00e9 Shopping"},"content":{"rendered":"\t\t<div data-elementor-type=\"wp-post\" data-elementor-id=\"4542\" class=\"elementor elementor-4542\">\n\t\t\t\t<div class=\"elementor-element elementor-element-bb54d89 e-flex e-con-boxed wpr-particle-no wpr-jarallax-no wpr-parallax-no wpr-sticky-section-no wpr-column-slider-no wpr-equal-height-no e-con e-parent\" data-id=\"bb54d89\" data-element_type=\"container\" data-e-type=\"container\">\n\t\t\t\t\t<div class=\"e-con-inner\">\n\t\t\t\t<div class=\"elementor-element elementor-element-ac324b5 elementor-widget elementor-widget-text-editor\" data-id=\"ac324b5\" data-element_type=\"widget\" data-e-type=\"widget\" data-widget_type=\"text-editor.default\">\n\t\t\t\t\t\t\t\t\t<p style=\"text-align: center;\" align=\"center\"><em>A\u00e7\u00e3o gratuita destaca iniciativas voltadas \u00e0 educa\u00e7\u00e3o ambiental, biodiversidade e preserva\u00e7\u00e3o da fauna brasileira<\/em><\/p><p>Para celebrar o <strong>Dia do Bi\u00f3logo<\/strong>, comemorado nesta quinta-feira, 3 de setembro, o <strong>Taubat\u00e9 Shopping<\/strong>, administrado pelo Grupo AD, promove uma iniciativa especial em parceria com a <strong>Univap &#8211; Universidade do Vale do Para\u00edba<\/strong>. A a\u00e7\u00e3o apresenta ao p\u00fablico tr\u00eas projetos desenvolvidos pela universidade voltados \u00e0 educa\u00e7\u00e3o ambiental, biodiversidade e preserva\u00e7\u00e3o da fauna brasileira. A atividade \u00e9 gratuita e acontece nesta quinta-feira (3), das 10h \u00e0s 15h30, na em frente a Renner.<\/p><p>Entre os projetos, est\u00e1 o programa de <strong>Apadrinhamento de Animais Silvestres<\/strong>, desenvolvido pelo Centro de Reabilita\u00e7\u00e3o de Animais Silvestres (CRAS) da universidade. A iniciativa apresenta ao p\u00fablico a oportunidade de conhecer o trabalho realizado no resgate, tratamento, recupera\u00e7\u00e3o de animais silvestres e instrumentos utilizados pelos alunos, como o microsc\u00f3pico com l\u00e2minas hematol\u00f3gicas. Al\u00e9m disso, os visitantes poder\u00e3o entender como funciona o programa, que possibilita contribuir com a manuten\u00e7\u00e3o e o bem-estar de animais que n\u00e3o podem voltar \u00e0 natureza. A apresenta\u00e7\u00e3o fica por conta dos estudantes do 4\u00ba semestre de Ci\u00eancias Biol\u00f3gicas, que celebram a data com a oportunidade de aprendizado na pr\u00e1tica.<\/p><p>Outra atividade que ser\u00e1 apresentada \u00e9 <strong>Sabores da Biodiversidade<\/strong>, que visa aproximar a comunidade das frutas nativas brasileiras pouco conhecidas pela popula\u00e7\u00e3o. Durante a a\u00e7\u00e3o, os visitantes poder\u00e3o degustar receitas de suco e geleia produzidas com cambuci. A ideia tamb\u00e9m promove a conscientiza\u00e7\u00e3o sobre a preserva\u00e7\u00e3o da flora nativa, relacionando com qualidade de vida e sustentabilidade.<\/p><p>Por fim, a programa\u00e7\u00e3o tamb\u00e9m conta com o <strong>Centro de Estudos da Natureza (CEN)<\/strong>, que levar\u00e1 ao shopping parte do acervo utilizado em a\u00e7\u00f5es de educa\u00e7\u00e3o ambiental. O p\u00fablico ir\u00e1 conhecer exemplares preservados por meio da t\u00e9cnica de empalhamento, que preserva a pele e a forma de animais mortos, al\u00e9m de caixas entomol\u00f3gicas com insetos. A proposta \u00e9 levar informa\u00e7\u00f5es sobre a fauna brasileira e a import\u00e2ncia ecol\u00f3gica de cada esp\u00e9cie.<\/p><p>\u201cAl\u00e9m de celebrar e reconhecer o trabalho dos bi\u00f3logos e dos estudantes de biologia, a iniciativa \u00e9 uma oportunidade para aprendermos mais sobre a nossa rela\u00e7\u00e3o com a natureza. Queremos proporcionar experi\u00eancias educativas, que despertem a curiosidade e incentivem atitudes mais conscientes\u201d, destaca Lilian Giacomini, Coordenadora de Marketing do Taubat\u00e9 Shopping.<\/p><p>\u00a0<\/p><p><strong><em><u>Dia do Bi\u00f3logo:<\/u><\/em><\/strong><\/p><p><strong><u>Data:<\/u><\/strong> 3 de setembro<\/p><p><strong><u>Hor\u00e1rio:<\/u><\/strong> das 10h \u00e0s 15h30<\/p><p><strong><u>Local:<\/u><\/strong> em frente a Renner<\/p><p><em>Atra\u00e7\u00e3o gratuita<\/em><\/p><p>\u00a0<\/p><p><strong>Taubat\u00e9 Shopping<\/strong><\/p><p>Com uma \u00e1rea constru\u00edda de mais de 50 mil metros quadrados, o Taubat\u00e9 Shopping est\u00e1 h\u00e1 36 anos na regi\u00e3o e gera cerca de 3 mil empregos diretos e indiretos. Sua infraestrutura inclui 200 lojas sat\u00e9lites, sete lojas \u00e2ncoras, quatro semi\u00e2ncoras, sete megalojas, cinco salas de cinema da rede Moviecom (tr\u00eas delas com tecnologia Moviecom X), boliche, a mais completa pra\u00e7a de alimenta\u00e7\u00e3o da regi\u00e3o, academia, faculdade e mais de mil vagas de estacionamento. Inaugurado em 9 de novembro de 1989, o empreendimento \u00e9 administrado pelo Grupo AD e est\u00e1 localizado na Av. Charles Schnneider, n\u00ba 1700 &#8211; Vila Costa.<\/p>\t\t\t\t\t\t\t\t<\/div>\n\t\t\t\t\t<\/div>\n\t\t\t\t<\/div>\n\t\t<div class=\"elementor-element elementor-element-4f47743f e-flex e-con-boxed wpr-particle-no wpr-jarallax-no wpr-parallax-no wpr-sticky-section-no wpr-column-slider-no wpr-equal-height-no e-con e-parent\" data-id=\"4f47743f\" data-element_type=\"container\" data-e-type=\"container\" data-settings=\"{&quot;background_background&quot;:&quot;classic&quot;}\">\n\t\t\t\t\t<div class=\"e-con-inner\">\n\t\t\t\t<div class=\"elementor-element elementor-element-3ebb41a elementor-widget elementor-widget-heading\" data-id=\"3ebb41a\" data-element_type=\"widget\" data-e-type=\"widget\" data-widget_type=\"heading.default\">\n\t\t\t\t\t<h2 class=\"elementor-heading-title elementor-size-default\">Fa\u00e7a o download do release e imagens:<\/h2>\t\t\t\t<\/div>\n\t\t\t\t<div class=\"elementor-element elementor-element-6da046a elementor-arrows-position-outside elementor-pagination-position-outside elementor-widget elementor-widget-image-carousel\" data-id=\"6da046a\" data-element_type=\"widget\" data-e-type=\"widget\" data-settings=\"{&quot;slides_to_show&quot;:&quot;4&quot;,&quot;navigation&quot;:&quot;both&quot;,&quot;speed&quot;:500}\" data-widget_type=\"image-carousel.default\">\n\t\t\t\t\t\t\t<div class=\"elementor-image-carousel-wrapper swiper\" role=\"region\" aria-roledescription=\"carousel\" aria-label=\"Carrossel de imagens\" dir=\"ltr\">\n\t\t\t<div class=\"elementor-image-carousel swiper-wrapper\" aria-live=\"polite\">\n\t\t\t\t\t\t\t\t<div class=\"swiper-slide\" role=\"group\" aria-roledescription=\"slide\" aria-label=\"1 de 3\"><a data-elementor-open-lightbox=\"yes\" data-elementor-lightbox-slideshow=\"6da046a\" data-elementor-lightbox-title=\"WhatsApp Image 2026-09-01 at 23.10.11\" data-e-action-hash=\"#elementor-action%3Aaction%3Dlightbox%26settings%3DeyJpZCI6NDU0NCwidXJsIjoiaHR0cHM6XC9cL2NvbW11bmljYXJlYXNzZXNzb3JpYS5jb20uYnJcL2ltcHJlbnNhXC93cC1jb250ZW50XC91cGxvYWRzXC8yMDI2XC8wOVwvV2hhdHNBcHAtSW1hZ2UtMjAyNi0wOS0wMS1hdC0yMy4xMC4xMS1zY2FsZWQuanBlZyIsInNsaWRlc2hvdyI6IjZkYTA0NmEifQ%3D%3D\" href=\"https:\/\/communicareassessoria.com.br\/imprensa\/wp-content\/uploads\/2026\/09\/WhatsApp-Image-2026-09-01-at-23.10.11-scaled.jpeg\"><figure class=\"swiper-slide-inner\"><img decoding=\"async\" class=\"swiper-slide-image\" src=\"https:\/\/communicareassessoria.com.br\/imprensa\/wp-content\/uploads\/2026\/09\/WhatsApp-Image-2026-09-01-at-23.10.11-150x150.jpeg\" alt=\"WhatsApp Image 2026-09-01 at 23.10.11\" \/><\/figure><\/a><\/div><div class=\"swiper-slide\" role=\"group\" aria-roledescription=\"slide\" aria-label=\"2 de 3\"><a data-elementor-open-lightbox=\"yes\" data-elementor-lightbox-slideshow=\"6da046a\" data-elementor-lightbox-title=\"dia do biologo 2\" data-e-action-hash=\"#elementor-action%3Aaction%3Dlightbox%26settings%3DeyJpZCI6NDU0NSwidXJsIjoiaHR0cHM6XC9cL2NvbW11bmljYXJlYXNzZXNzb3JpYS5jb20uYnJcL2ltcHJlbnNhXC93cC1jb250ZW50XC91cGxvYWRzXC8yMDI2XC8wOVwvZGlhLWRvLWJpb2xvZ28tMi5qcGVnIiwic2xpZGVzaG93IjoiNmRhMDQ2YSJ9\" href=\"https:\/\/communicareassessoria.com.br\/imprensa\/wp-content\/uploads\/2026\/09\/dia-do-biologo-2.jpeg\"><figure class=\"swiper-slide-inner\"><img decoding=\"async\" class=\"swiper-slide-image\" src=\"https:\/\/communicareassessoria.com.br\/imprensa\/wp-content\/uploads\/2026\/09\/dia-do-biologo-2-150x150.jpeg\" alt=\"dia do biologo 2\" \/><\/figure><\/a><\/div><div class=\"swiper-slide\" role=\"group\" aria-roledescription=\"slide\" aria-label=\"3 de 3\"><a data-elementor-open-lightbox=\"yes\" data-elementor-lightbox-slideshow=\"6da046a\" data-elementor-lightbox-title=\"dia do bi\u00f3logo\" data-e-action-hash=\"#elementor-action%3Aaction%3Dlightbox%26settings%3DeyJpZCI6NDU0NiwidXJsIjoiaHR0cHM6XC9cL2NvbW11bmljYXJlYXNzZXNzb3JpYS5jb20uYnJcL2ltcHJlbnNhXC93cC1jb250ZW50XC91cGxvYWRzXC8yMDI2XC8wOVwvZGlhLWRvLWJpb2xvZ28uanBlZyIsInNsaWRlc2hvdyI6IjZkYTA0NmEifQ%3D%3D\" href=\"https:\/\/communicareassessoria.com.br\/imprensa\/wp-content\/uploads\/2026\/09\/dia-do-biologo.jpeg\"><figure class=\"swiper-slide-inner\"><img decoding=\"async\" class=\"swiper-slide-image\" src=\"https:\/\/communicareassessoria.com.br\/imprensa\/wp-content\/uploads\/2026\/09\/dia-do-biologo-150x150.jpeg\" alt=\"dia do bi\u00f3logo\" \/><\/figure><\/a><\/div>\t\t\t<\/div>\n\t\t\t\t\t\t\t\t\t\t\t\t<div class=\"elementor-swiper-button elementor-swiper-button-prev\" role=\"button\" tabindex=\"0\">\n\t\t\t\t\t\t<svg aria-hidden=\"true\" class=\"e-font-icon-svg e-eicon-chevron-left\" viewBox=\"0 0 1000 1000\" xmlns=\"http:\/\/www.w3.org\/2000\/svg\"><path d=\"M646 125C629 125 613 133 604 142L308 442C296 454 292 471 292 487 292 504 296 521 308 533L604 854C617 867 629 875 646 875 663 875 679 871 692 858 704 846 713 829 713 812 713 796 708 779 692 767L438 487 692 225C700 217 708 204 708 187 708 171 704 154 692 142 675 129 663 125 646 125Z\"><\/path><\/svg>\t\t\t\t\t<\/div>\n\t\t\t\t\t<div class=\"elementor-swiper-button elementor-swiper-button-next\" role=\"button\" tabindex=\"0\">\n\t\t\t\t\t\t<svg aria-hidden=\"true\" class=\"e-font-icon-svg e-eicon-chevron-right\" viewBox=\"0 0 1000 1000\" xmlns=\"http:\/\/www.w3.org\/2000\/svg\"><path d=\"M696 533C708 521 713 504 713 487 713 471 708 454 696 446L400 146C388 133 375 125 354 125 338 125 325 129 313 142 300 154 292 171 292 187 292 204 296 221 308 233L563 492 304 771C292 783 288 800 288 817 288 833 296 850 308 863 321 871 338 875 354 875 371 875 388 867 400 854L696 533Z\"><\/path><\/svg>\t\t\t\t\t<\/div>\n\t\t\t\t\n\t\t\t\t\t\t\t\t\t<div class=\"swiper-pagination\"><\/div>\n\t\t\t\t\t\t\t\t\t<\/div>\n\t\t\t\t\t\t<\/div>\n\t\t\t\t<div class=\"elementor-element elementor-element-d894230 elementor-align-left elementor-mobile-align-center elementor-widget elementor-widget-button\" data-id=\"d894230\" data-element_type=\"widget\" data-e-type=\"widget\" data-widget_type=\"button.default\">\n\t\t\t\t\t\t\t\t\t\t<a class=\"elementor-button elementor-button-link elementor-size-sm\" href=\"https:\/\/communicareassessoria.com.br\/imprensa\/wp-content\/uploads\/2026\/02\/Moviecom-todos-TSC.pdf\" target=\"_blank\">\n\t\t\t\t\t\t<span class=\"elementor-button-content-wrapper\">\n\t\t\t\t\t\t\t\t\t<span class=\"elementor-button-text\">Acesse os arquivos de m\u00eddia<\/span>\n\t\t\t\t\t<\/span>\n\t\t\t\t\t<\/a>\n\t\t\t\t\t\t\t\t<\/div>\n\t\t\t\t\t<\/div>\n\t\t\t\t<\/div>\n\t\t\t\t<\/div>\n\t\t","protected":false},"excerpt":{"rendered":"<p>A\u00e7\u00e3o gratuita destaca iniciativas voltadas \u00e0 educa\u00e7\u00e3o ambiental, biodiversidade e preserva\u00e7\u00e3o da fauna brasileira Para celebrar o Dia do Bi\u00f3logo, comemorado nesta quinta-feira, 3 de setembro, o Taubat\u00e9 Shopping, administrado pelo Grupo AD, promove uma iniciativa especial em parceria com a Univap &#8211; Universidade do Vale do Para\u00edba. A a\u00e7\u00e3o apresenta ao p\u00fablico tr\u00eas projetos desenvolvidos pela universidade voltados \u00e0 educa\u00e7\u00e3o ambiental, biodiversidade e preserva\u00e7\u00e3o da fauna brasileira. A atividade \u00e9 gratuita e acontece nesta quinta-feira (3), das 10h \u00e0s 15h30, na em frente a Renner. Entre os projetos, est\u00e1 o programa de Apadrinhamento de Animais Silvestres, desenvolvido pelo Centro de Reabilita\u00e7\u00e3o de Animais Silvestres (CRAS) da universidade. A iniciativa apresenta ao p\u00fablico a oportunidade de conhecer o trabalho realizado no resgate, tratamento, recupera\u00e7\u00e3o de animais silvestres e instrumentos utilizados pelos alunos, como o microsc\u00f3pico com l\u00e2minas hematol\u00f3gicas. Al\u00e9m disso, os visitantes poder\u00e3o entender como funciona o programa, que possibilita contribuir com a manuten\u00e7\u00e3o e o bem-estar de animais que n\u00e3o podem voltar \u00e0 natureza. A apresenta\u00e7\u00e3o fica por conta dos estudantes do 4\u00ba semestre de Ci\u00eancias Biol\u00f3gicas, que celebram a data com a oportunidade de aprendizado na pr\u00e1tica. Outra atividade que ser\u00e1 apresentada \u00e9 Sabores da Biodiversidade, que visa aproximar a comunidade das frutas nativas brasileiras pouco conhecidas pela popula\u00e7\u00e3o. Durante a a\u00e7\u00e3o, os visitantes poder\u00e3o degustar receitas de suco e geleia produzidas com cambuci. A ideia tamb\u00e9m promove a conscientiza\u00e7\u00e3o sobre a preserva\u00e7\u00e3o da flora nativa, relacionando com qualidade de vida e sustentabilidade. Por fim, a programa\u00e7\u00e3o tamb\u00e9m conta com o Centro de Estudos da Natureza (CEN), que levar\u00e1 ao shopping parte do acervo utilizado em a\u00e7\u00f5es de educa\u00e7\u00e3o ambiental. O p\u00fablico ir\u00e1 conhecer exemplares preservados por meio da t\u00e9cnica de empalhamento, que preserva a pele e a forma de animais mortos, al\u00e9m de caixas entomol\u00f3gicas com insetos. A proposta \u00e9 levar informa\u00e7\u00f5es sobre a fauna brasileira e a import\u00e2ncia ecol\u00f3gica de cada esp\u00e9cie. \u201cAl\u00e9m de celebrar e reconhecer o trabalho dos bi\u00f3logos e dos estudantes de biologia, a iniciativa \u00e9 uma oportunidade para aprendermos mais sobre a nossa rela\u00e7\u00e3o com a natureza. Queremos proporcionar experi\u00eancias educativas, que despertem a curiosidade e incentivem atitudes mais conscientes\u201d, destaca Lilian Giacomini, Coordenadora de Marketing do Taubat\u00e9 Shopping. \u00a0 Dia do Bi\u00f3logo: Data: 3 de setembro Hor\u00e1rio: das 10h \u00e0s 15h30 Local: em frente a Renner Atra\u00e7\u00e3o gratuita \u00a0 Taubat\u00e9 Shopping Com uma \u00e1rea constru\u00edda de mais de 50 mil metros quadrados, o Taubat\u00e9 Shopping est\u00e1 h\u00e1 36 anos na regi\u00e3o e gera cerca de 3 mil empregos diretos e indiretos. Sua infraestrutura inclui 200 lojas sat\u00e9lites, sete lojas \u00e2ncoras, quatro semi\u00e2ncoras, sete megalojas, cinco salas de cinema da rede Moviecom (tr\u00eas delas com tecnologia Moviecom X), boliche, a mais completa pra\u00e7a de alimenta\u00e7\u00e3o da regi\u00e3o, academia, faculdade e mais de mil vagas de estacionamento. Inaugurado em 9 de novembro de 1989, o empreendimento \u00e9 administrado pelo Grupo AD e est\u00e1 localizado na Av. Charles Schnneider, n\u00ba 1700 &#8211; Vila Costa. Fa\u00e7a o download do release e imagens: Acesse os arquivos de m\u00eddia<\/p>\n","protected":false},"author":2,"featured_media":4544,"comment_status":"open","ping_status":"open","sticky":false,"template":"","format":"standard","meta":{"footnotes":""},"categories":[5],"tags":[324,323,232],"class_list":["post-4542","post","type-post","status-publish","format-standard","has-post-thumbnail","hentry","category-taubate-shopping","tag-biologo","tag-educativo","tag-meio-ambiente"],"_links":{"self":[{"href":"https:\/\/communicareassessoria.com.br\/imprensa\/wp-json\/wp\/v2\/posts\/4542","targetHints":{"allow":["GET"]}}],"collection":[{"href":"https:\/\/communicareassessoria.com.br\/imprensa\/wp-json\/wp\/v2\/posts"}],"about":[{"href":"https:\/\/communicareassessoria.com.br\/imprensa\/wp-json\/wp\/v2\/types\/post"}],"author":[{"embeddable":true,"href":"https:\/\/communicareassessoria.com.br\/imprensa\/wp-json\/wp\/v2\/users\/2"}],"replies":[{"embeddable":true,"href":"https:\/\/communicareassessoria.com.br\/imprensa\/wp-json\/wp\/v2\/comments?post=4542"}],"version-history":[{"count":4,"href":"https:\/\/communicareassessoria.com.br\/imprensa\/wp-json\/wp\/v2\/posts\/4542\/revisions"}],"predecessor-version":[{"id":4549,"href":"https:\/\/communicareassessoria.com.br\/imprensa\/wp-json\/wp\/v2\/posts\/4542\/revisions\/4549"}],"wp:featuredmedia":[{"embeddable":true,"href":"https:\/\/communicareassessoria.com.br\/imprensa\/wp-json\/wp\/v2\/media\/4544"}],"wp:attachment":[{"href":"https:\/\/communicareassessoria.com.br\/imprensa\/wp-json\/wp\/v2\/media?parent=4542"}],"wp:term":[{"taxonomy":"category","embeddable":true,"href":"https:\/\/communicareassessoria.com.br\/imprensa\/wp-json\/wp\/v2\/categories?post=4542"},{"taxonomy":"post_tag","embeddable":true,"href":"https:\/\/communicareassessoria.com.br\/imprensa\/wp-json\/wp\/v2\/tags?post=4542"}],"curies":[{"name":"wp","href":"https:\/\/api.w.org\/{rel}","templated":true}]}}