{"id":4550,"date":"2026-09-03T12:24:11","date_gmt":"2026-09-03T12:24:11","guid":{"rendered":"https:\/\/communicareassessoria.com.br\/imprensa\/?p=4550"},"modified":"2026-09-03T12:25:47","modified_gmt":"2026-09-03T12:25:47","slug":"holi-2026-cria-encontros-musicais-exclusivos-e-prepara-nova-gokula-para-receber-ate-20-mil-pessoas","status":"publish","type":"post","link":"https:\/\/communicareassessoria.com.br\/imprensa\/holi-2026-cria-encontros-musicais-exclusivos-e-prepara-nova-gokula-para-receber-ate-20-mil-pessoas\/","title":{"rendered":"HOLI 2026 cria encontros musicais exclusivos e prepara Nova Gokula para receber at\u00e9 20 mil pessoas"},"content":{"rendered":"\t\t<div data-elementor-type=\"wp-post\" data-elementor-id=\"4550\" class=\"elementor elementor-4550\">\n\t\t\t\t<div class=\"elementor-element elementor-element-bb54d89 e-flex e-con-boxed wpr-particle-no wpr-jarallax-no wpr-parallax-no wpr-sticky-section-no wpr-column-slider-no wpr-equal-height-no e-con e-parent\" data-id=\"bb54d89\" data-element_type=\"container\" data-e-type=\"container\">\n\t\t\t\t\t<div class=\"e-con-inner\">\n\t\t\t\t<div class=\"elementor-element elementor-element-ac324b5 elementor-widget elementor-widget-text-editor\" data-id=\"ac324b5\" data-element_type=\"widget\" data-e-type=\"widget\" data-widget_type=\"text-editor.default\">\n\t\t\t\t\t\t\t\t\t<p style=\"text-align: center;\" align=\"center\"><em>Evento gratuito acontece nos dias 12 e 13 de setembro, em Pindamonhangaba, com uma curadoria que mistura maracatu, mantras, m\u00fasica eletr\u00f4nica, espiritualidade e explos\u00f5es de cores<\/em><\/p><p><span style=\"font-weight: 400;\">Mantendo a vibra\u00e7\u00e3o que conquistou o p\u00fablico ao longo de sua hist\u00f3ria, o Holi Festival das Cores retorna \u00e0 Fazenda Nova Gokula, em Pindamonhangaba, nos dias 12 e 13 de setembro de 2026, com sua programa\u00e7\u00e3o mais colaborativa. O evento ter\u00e1 entrada gratuita e acontecer\u00e1 das 9h \u00e0s 18h.\u00a0<\/span><\/p><p><span style=\"font-weight: 400;\">Realizado em Nova Gokula desde 2014, com uma \u00fanica pausa em 2020 devido \u00e0 pandemia, o festival chega \u00e0 sua 12\u00aa realiza\u00e7\u00e3o no local. Depois de receber um p\u00fablico rotativo de aproximadamente 6 mil pessoas em 2025, o Holi prepara neste ano uma estrutura dimensionada para receber at\u00e9 14 mil pessoas durante os dois dias.\u00a0<\/span><\/p><p><span style=\"font-weight: 400;\">A uni\u00e3o, as cores, a espiritualidade e o encontro das fam\u00edlias continuam formando a ess\u00eancia do Holi. A grande novidade de 2026 est\u00e1 nas colabora\u00e7\u00f5es criadas especialmente para o festival, reunindo atra\u00e7\u00f5es e linguagens diferentes em apresenta\u00e7\u00f5es que ajudam a formar a curadoria da pr\u00f3xima turn\u00ea regional.<\/span><\/p><p><span style=\"font-weight: 400;\">\u201cReunimos as atra\u00e7\u00f5es que t\u00ednhamos \u00e0 disposi\u00e7\u00e3o e colocamos tudo em um grande caldeir\u00e3o, misturando linguagens musicais da mesma forma que misturamos as cores do festival. O resultado \u00e9 uma curadoria exclusiva, pensada para nascer em Nova Gokula e seguir conosco na pr\u00f3xima turn\u00ea\u201d, afirma Krishna Murari, produtor executivo do Holi e respons\u00e1vel pela curadoria art\u00edstica.<\/span><\/p><p><strong>Maracatu, mantras e uma mistura cultural \u00fanica<\/strong><\/p><p><span style=\"font-weight: 400;\">Um dos momentos mais aguardados acontece na tarde de s\u00e1bado, quando o Maracatu Baque do Vale recebe Vrindavana, m\u00fasico e maestro do Mantracatu, que vem do Recife especialmente para participar do festival. Fundado em 2004, o Baque do Vale foi o primeiro grupo de maracatu do Vale do Para\u00edba e construiu uma trajet\u00f3ria dedicada \u00e0 pesquisa, \u00e0 preserva\u00e7\u00e3o e \u00e0 difus\u00e3o do maracatu de baque virado.<\/span><\/p><p><span style=\"font-weight: 400;\">No Holi, o grupo se encontra com a proposta inovadora de Vrindavana, que incorpora mantras \u00e0 for\u00e7a ancestral do maracatu. A colabora\u00e7\u00e3o promete uma explos\u00e3o de ritmos e refer\u00eancias, aproximando as ra\u00edzes pernambucanas da identidade cultural constru\u00edda pelo Baque do Vale na regi\u00e3o.\u00a0<\/span><\/p><p><span style=\"font-weight: 400;\">Mais do que misturar estilos, o encontro pretende criar uma linguagem e uma interpreta\u00e7\u00e3o pr\u00f3prias, transformando o palco do Holi em um espa\u00e7o de interc\u00e2mbio entre tradi\u00e7\u00e3o, espiritualidade e inova\u00e7\u00e3o.<\/span><\/p><p><strong>Colabora\u00e7\u00f5es criadas para o Holi<\/strong><\/p><p><span style=\"font-weight: 400;\">A Banda Flor das \u00c1guas e a Banda Mahamantra tamb\u00e9m ter\u00e3o apresenta\u00e7\u00f5es pr\u00f3prias no s\u00e1bado, com m\u00fasicas preparadas para serem executadas em conjunto durante a passagem entre os dois shows.\u00a0<\/span><\/p><p><span style=\"font-weight: 400;\">No domingo, a Banda Mahamantra volta ao palco para um reencontro especial com o DJ Nandhyx. A colabora\u00e7\u00e3o j\u00e1 aconteceu anteriormente, mas retorna em 2026 com novos ensaios e uma produ\u00e7\u00e3o mais elaborada, unindo as caracter\u00edsticas da banda \u00e0 m\u00fasica eletr\u00f4nica para criar uma atmosfera envolvente, festiva e preparada para as explos\u00f5es de cores.\u00a0<\/span><\/p><p><span style=\"font-weight: 400;\">O encerramento art\u00edstico do domingo ser\u00e1 marcado pelo encontro entre a banda A Tropa e Karana, m\u00fasico e compositor conhecido por \u201cGovinda Jaya Jaya\u201d, can\u00e7\u00e3o que ganhou interpreta\u00e7\u00e3o de Seu Jorge. A apresenta\u00e7\u00e3o encerra a programa\u00e7\u00e3o com a uni\u00e3o entre m\u00fasica brasileira, espiritualidade e celebra\u00e7\u00e3o coletiva.<\/span><\/p><p><strong>Programa\u00e7\u00e3o come\u00e7a com bem-estar e espiritualidade<\/strong><\/p><p><span style=\"font-weight: 400;\">Antes das bandas e dos DJs, as manh\u00e3s ser\u00e3o dedicadas a pr\u00e1ticas de conex\u00e3o e bem-estar. A programa\u00e7\u00e3o inclui yoga, medita\u00e7\u00e3o, sound healing, dan\u00e7a circular e uma atra\u00e7\u00e3o cultural.\u00a0<\/span><\/p><p><span style=\"font-weight: 400;\">As explos\u00f5es de cores come\u00e7am \u00e0s 11h e continuam durante todo o dia, acompanhando as diferentes fases da programa\u00e7\u00e3o.<\/span><\/p><p><strong>Programa\u00e7\u00e3o resumida<\/strong><\/p><p><strong>S\u00c1BADO \u2014 12 DE SETEMBRO\u00a0<\/strong><\/p><p><span style=\"font-weight: 400;\">9:00 \u2013 Aula Coletiva de Kriya Yoga com Narayanam<\/span><\/p><p><span style=\"font-weight: 400;\">9:40 \u2013 Medita\u00e7\u00e3o Guiada com Setukara Dasa<\/span><\/p><p><span style=\"font-weight: 400;\">10:10 \u2013 Sound Healing com Matheus e Taraka<\/span><\/p><p><span style=\"font-weight: 400;\">10:40 \u2013 Dan\u00e7a Circular (Flor Das Aguas) com Helena<\/span><\/p><p><span style=\"font-weight: 400;\">11:20 \u2013 Flor das Aguas Bhakti Som (Banda) (primeiras explos\u00f5es de cores)<\/span><\/p><p><span style=\"font-weight: 400;\">13:20 \u2013 Maha Mantra colab Bhakti Som (Banda)<\/span><\/p><p><span style=\"font-weight: 400;\">14:00 \u2013 DJ Nandhyx<\/span><\/p><p><span style=\"font-weight: 400;\">15:00 \u2013 \u201cDois Maestros e Um Bloco\u201d Fl\u00e1vio Jatoba (Baque do vale) Colab com Vrindavana (Mantracatu &#8211; Recife)<\/span><\/p><p><span style=\"font-weight: 400;\">17:00 \u2013 DJ Jotap<\/span><\/p><p><span style=\"font-weight: 400;\">18:00 \u2013 Fim do Evento\u00a0<\/span><\/p><p><strong>DOMINGO \u2014 13 DE SETEMBRO\u00a0<\/strong><\/p><p><span style=\"font-weight: 400;\">9:00 \u2013 Aula Coletiva de Yoga com Daya<\/span><\/p><p><span style=\"font-weight: 400;\">9:30 \u2013 Medita\u00e7\u00e3o Guiada com Setukara Dasa<\/span><\/p><p><span style=\"font-weight: 400;\">10:00 \u2013 Atra\u00e7\u00e3o Cultural (definindo)<\/span><\/p><p><span style=\"font-weight: 400;\">11:00 \u2013 Gokula Vasi (Banda) (primeiras explos\u00f5es de cores)<\/span><\/p><p><span style=\"font-weight: 400;\">12:00 \u2013 Maha Mantra (Banda)<\/span><\/p><p><span style=\"font-weight: 400;\">14:00 \u2013 Maha Mantra Colab Nandhyx<\/span><\/p><p><span style=\"font-weight: 400;\">14:30 \u2013 DJ Nandhyx Long Set<\/span><\/p><p><span style=\"font-weight: 400;\">16:00 \u2013 A Tropa Colab Karana<\/span><\/p><p><span style=\"font-weight: 400;\">17:00 \u2013 A Tropa<\/span><\/p><p><span style=\"font-weight: 400;\">18:00 \u2013 Fim do Evento<\/span><strong>\u00a0<\/strong><\/p><p><strong>Apoio p\u00fablico e fortalecimento cultural<\/strong><\/p><p><span style=\"font-weight: 400;\">A edi\u00e7\u00e3o de 2026 conta com o apoio oficial da Prefeitura de Pindamonhangaba, por meio da \u00e1rea de Cultura e Turismo, e com recursos destinados atrav\u00e9s de emenda impositiva do vereador Gari Aben\u00e7oado.\u00a0<\/span><\/p><p><span style=\"font-weight: 400;\">O apoio possibilitou ampliar a programa\u00e7\u00e3o, criar encontros art\u00edsticos especiais e preparar uma estrutura capaz de receber um p\u00fablico significativamente maior.\u00a0<\/span><\/p><p><span style=\"font-weight: 400;\">\u201cMais do que a sensa\u00e7\u00e3o de dever cumprido, queremos terminar o domingo com o sentimento de prop\u00f3sito cumprido: ver o Holi alcan\u00e7ar outro patamar e se consolidar como um dos eventos mais importantes de Pindamonhangaba\u201d, destaca Krishna Murari.<\/span><\/p><p><strong>Podcasts, conte\u00fados e promo\u00e7\u00f5es<\/strong><\/p><p><span style=\"font-weight: 400;\">Durante a campanha oficial, o p\u00fablico poder\u00e1 conhecer melhor as atra\u00e7\u00f5es por meio de uma s\u00e9rie de podcasts produzida com o apoio do Multifaceta.\u00a0<\/span><\/p><p><span style=\"font-weight: 400;\">Os epis\u00f3dios ser\u00e3o publicados em colabora\u00e7\u00e3o pelos perfis @festivaldascores e @multifaceta.tv no Instagram, aproximando artistas e p\u00fablico antes do festival. A campanha tamb\u00e9m contar\u00e1 com promo\u00e7\u00f5es, conte\u00fados especiais e a\u00e7\u00f5es no Bazar Oficial do Holi.\u00a0<\/span><\/p><p><span style=\"font-weight: 400;\">Entre os produtos estar\u00e3o os p\u00f3s coloridos oficiais, camisetas, souvenirs e os incensos com aromas m\u00e1gicos da Vila Zen.<\/span><\/p><p><strong>Estacionamento mais acess\u00edvel e solid\u00e1rio<\/strong><\/p><p><span style=\"font-weight: 400;\">Uma das prioridades da produ\u00e7\u00e3o em 2026 foi reduzir os valores do estacionamento. O valor regular ser\u00e1 de R$ 35 para carros e R$ 25 para motos onibus e vans negociam direto com a produ\u00e7\u00e3o na central de d\u00favidas no site. Quem levar 1 kg de alimento para o Fundo Social de Solidariedade recebe R$ 10 de desconto. Ser\u00e3o aceitos alimentos n\u00e3o perec\u00edveis, exceto a\u00e7\u00facar e sal.<\/span><\/p><p><span style=\"font-weight: 400;\">Qualquer compra antecipada no site oficial, independentemente do valor, garante mais R$ 10 de desconto para um ve\u00edculo. O benef\u00edcio vale para a compra de kits de p\u00f3 colorido, camisetas, souvenirs, incensos ou outros produtos dispon\u00edveis no site.\u00a0<\/span><\/p><p><span style=\"font-weight: 400;\">Para utilizar o desconto, basta apresentar na entrada o e-mail de confirma\u00e7\u00e3o da compra com o nome do comprador. Os dois benef\u00edcios s\u00e3o cumulativos. Com a compra antecipada e a doa\u00e7\u00e3o do alimento, o estacionamento fica por apenas R$ 15 para carros e R$ 5 para motos.\u00a0<\/span><\/p><p><span style=\"font-weight: 400;\">As compras antecipadas tamb\u00e9m contribuem para a campanha que destina saquinhos de p\u00f3 colorido \u00e0s pessoas que n\u00e3o t\u00eam condi\u00e7\u00f5es de adquirir suas pr\u00f3prias cores durante o festival.<\/span><\/p><p><strong>Nova Gokula como ponto de partida para 2027<\/strong><\/p><p><span style=\"font-weight: 400;\">Al\u00e9m de receber a edi\u00e7\u00e3o principal do festival, Nova Gokula ser\u00e1 o ponto de partida para uma nova fase do Holi. A curadoria colaborativa criada em 2026 est\u00e1 sendo preparada para integrar uma turn\u00ea regional em 2027. A produ\u00e7\u00e3o pretende ampliar o n\u00famero de datas no Vale do Para\u00edba e est\u00e1 aberta ao di\u00e1logo com prefeituras e institui\u00e7\u00f5es interessadas em receber futuras edi\u00e7\u00f5es.<\/span><\/p><p><strong>Servi\u00e7o<\/strong><\/p><p><span style=\"font-weight: 400;\">Holi Festival das Cores \u2014 Nova Gokula 2026 <\/span><span style=\"font-weight: 400;\"><br \/><\/span><span style=\"font-weight: 400;\">Data: 12 e 13 de setembro de 2026 <\/span><span style=\"font-weight: 400;\"><br \/><\/span><span style=\"font-weight: 400;\">Hor\u00e1rio: das 9h \u00e0s 18h <\/span><span style=\"font-weight: 400;\"><br \/><\/span><span style=\"font-weight: 400;\">Local: Fazenda Nova Gokula \u2014 Pindamonhangaba (SP) <\/span><span style=\"font-weight: 400;\"><br \/><\/span><span style=\"font-weight: 400;\">Entrada: gratuita <\/span><span style=\"font-weight: 400;\"><br \/><\/span><span style=\"font-weight: 400;\">Explos\u00f5es de cores: a partir das 11h e durante todo o dia <\/span><span style=\"font-weight: 400;\"><br \/><\/span><span style=\"font-weight: 400;\">Estacionamento: R$ 35 para carros e R$ 25 para motos, com possibilidade de descontos cumulativos<\/span><\/p><p><span style=\"font-weight: 400;\">Realiza\u00e7\u00e3o: Deva Produ\u00e7\u00f5es Apoio: Prefeitura de Pindamonhangaba, Fazenda Nova Gokula, Vila Zen e Multifaceta Instagram: @festivaldascores Site oficial: www.holifestivaldascores.com.br<\/span><\/p><p><strong>Sobre a organizadora<\/strong><\/p><p><span style=\"font-weight: 400;\">Desde 2014, a Deva Produ\u00e7\u00f5es realiza o Holi no Brasil, al\u00e9m de festivais \u00e9tnicos e o maior festival de Kirtan da Am\u00e9rica Latina. A produtora une tradi\u00e7\u00e3o e inova\u00e7\u00e3o, criando experi\u00eancias culturais aut\u00eanticas e transformadoras.<\/span><\/p><p><strong>Sobre o Holi<\/strong><\/p><p><span style=\"font-weight: 400;\">Origin\u00e1rio da \u00cdndia h\u00e1 mais de 5 mil anos, o Holi celebra a chegada da primavera e simboliza a uni\u00e3o entre culturas, etnias e tradi\u00e7\u00f5es. Hoje, espalhado pelo mundo, promove paz, alegria e reconex\u00e3o com o sagrado. <\/span><strong>Instagram:<\/strong><span style=\"font-weight: 400;\"> @festivaldascores \u2022 holifestivaldascores.com.br<\/span><\/p>\t\t\t\t\t\t\t\t<\/div>\n\t\t\t\t\t<\/div>\n\t\t\t\t<\/div>\n\t\t<div class=\"elementor-element elementor-element-4f47743f e-flex e-con-boxed wpr-particle-no wpr-jarallax-no wpr-parallax-no wpr-sticky-section-no wpr-column-slider-no wpr-equal-height-no e-con e-parent\" data-id=\"4f47743f\" data-element_type=\"container\" data-e-type=\"container\" data-settings=\"{&quot;background_background&quot;:&quot;classic&quot;}\">\n\t\t\t\t\t<div class=\"e-con-inner\">\n\t\t\t\t<div class=\"elementor-element elementor-element-3ebb41a elementor-widget elementor-widget-heading\" data-id=\"3ebb41a\" data-element_type=\"widget\" data-e-type=\"widget\" data-widget_type=\"heading.default\">\n\t\t\t\t\t<h2 class=\"elementor-heading-title elementor-size-default\">Fa\u00e7a o download do release e imagens:<\/h2>\t\t\t\t<\/div>\n\t\t\t\t<div class=\"elementor-element elementor-element-6da046a elementor-arrows-position-outside elementor-pagination-position-outside elementor-widget elementor-widget-image-carousel\" data-id=\"6da046a\" data-element_type=\"widget\" data-e-type=\"widget\" data-settings=\"{&quot;slides_to_show&quot;:&quot;4&quot;,&quot;navigation&quot;:&quot;both&quot;,&quot;speed&quot;:500}\" data-widget_type=\"image-carousel.default\">\n\t\t\t\t\t\t\t<div class=\"elementor-image-carousel-wrapper swiper\" role=\"region\" aria-roledescription=\"carousel\" aria-label=\"Carrossel de imagens\" dir=\"ltr\">\n\t\t\t<div class=\"elementor-image-carousel swiper-wrapper\" aria-live=\"polite\">\n\t\t\t\t\t\t\t\t<div class=\"swiper-slide\" role=\"group\" aria-roledescription=\"slide\" aria-label=\"1 de 5\"><a data-elementor-open-lightbox=\"yes\" data-elementor-lightbox-slideshow=\"6da046a\" data-elementor-lightbox-title=\"Holi-Creditos-Cristina-Pillegi-@cristinapillegi-1-101--1-\" data-e-action-hash=\"#elementor-action%3Aaction%3Dlightbox%26settings%3DeyJpZCI6NDU1MiwidXJsIjoiaHR0cHM6XC9cL2NvbW11bmljYXJlYXNzZXNzb3JpYS5jb20uYnJcL2ltcHJlbnNhXC93cC1jb250ZW50XC91cGxvYWRzXC8yMDI2XC8wOVwvSG9saS1DcmVkaXRvcy1DcmlzdGluYS1QaWxsZWdpLUBjcmlzdGluYXBpbGxlZ2ktMS0xMDEtMS0uanBnIiwic2xpZGVzaG93IjoiNmRhMDQ2YSJ9\" href=\"https:\/\/communicareassessoria.com.br\/imprensa\/wp-content\/uploads\/2026\/09\/Holi-Creditos-Cristina-Pillegi-@cristinapillegi-1-101-1-.jpg\"><figure class=\"swiper-slide-inner\"><img decoding=\"async\" class=\"swiper-slide-image\" src=\"https:\/\/communicareassessoria.com.br\/imprensa\/wp-content\/uploads\/2026\/09\/Holi-Creditos-Cristina-Pillegi-@cristinapillegi-1-101-1--150x150.jpg\" alt=\"Holi-Creditos-Cristina-Pillegi-@cristinapillegi-1-101--1-\" \/><\/figure><\/a><\/div><div class=\"swiper-slide\" role=\"group\" aria-roledescription=\"slide\" aria-label=\"2 de 5\"><a data-elementor-open-lightbox=\"yes\" data-elementor-lightbox-slideshow=\"6da046a\" data-elementor-lightbox-title=\"Holi-Creditos-Cristina-Pillegi-@cristinapillegi-1-17--1-\" data-e-action-hash=\"#elementor-action%3Aaction%3Dlightbox%26settings%3DeyJpZCI6NDU1MywidXJsIjoiaHR0cHM6XC9cL2NvbW11bmljYXJlYXNzZXNzb3JpYS5jb20uYnJcL2ltcHJlbnNhXC93cC1jb250ZW50XC91cGxvYWRzXC8yMDI2XC8wOVwvSG9saS1DcmVkaXRvcy1DcmlzdGluYS1QaWxsZWdpLUBjcmlzdGluYXBpbGxlZ2ktMS0xNy0xLS5qcGciLCJzbGlkZXNob3ciOiI2ZGEwNDZhIn0%3D\" href=\"https:\/\/communicareassessoria.com.br\/imprensa\/wp-content\/uploads\/2026\/09\/Holi-Creditos-Cristina-Pillegi-@cristinapillegi-1-17-1-.jpg\"><figure class=\"swiper-slide-inner\"><img decoding=\"async\" class=\"swiper-slide-image\" src=\"https:\/\/communicareassessoria.com.br\/imprensa\/wp-content\/uploads\/2026\/09\/Holi-Creditos-Cristina-Pillegi-@cristinapillegi-1-17-1--150x150.jpg\" alt=\"Holi-Creditos-Cristina-Pillegi-@cristinapillegi-1-17--1-\" \/><\/figure><\/a><\/div><div class=\"swiper-slide\" role=\"group\" aria-roledescription=\"slide\" aria-label=\"3 de 5\"><a data-elementor-open-lightbox=\"yes\" data-elementor-lightbox-slideshow=\"6da046a\" data-elementor-lightbox-title=\"Holi-Creditos-Mauricio-Bertoni-@Mau-luizevich-10\" data-e-action-hash=\"#elementor-action%3Aaction%3Dlightbox%26settings%3DeyJpZCI6NDU1NCwidXJsIjoiaHR0cHM6XC9cL2NvbW11bmljYXJlYXNzZXNzb3JpYS5jb20uYnJcL2ltcHJlbnNhXC93cC1jb250ZW50XC91cGxvYWRzXC8yMDI2XC8wOVwvSG9saS1DcmVkaXRvcy1NYXVyaWNpby1CZXJ0b25pLUBNYXUtbHVpemV2aWNoLTEwLmpwZyIsInNsaWRlc2hvdyI6IjZkYTA0NmEifQ%3D%3D\" href=\"https:\/\/communicareassessoria.com.br\/imprensa\/wp-content\/uploads\/2026\/09\/Holi-Creditos-Mauricio-Bertoni-@Mau-luizevich-10.jpg\"><figure class=\"swiper-slide-inner\"><img decoding=\"async\" class=\"swiper-slide-image\" src=\"https:\/\/communicareassessoria.com.br\/imprensa\/wp-content\/uploads\/2026\/09\/Holi-Creditos-Mauricio-Bertoni-@Mau-luizevich-10-150x150.jpg\" alt=\"Holi-Creditos-Mauricio-Bertoni-@Mau-luizevich-10\" \/><\/figure><\/a><\/div><div class=\"swiper-slide\" role=\"group\" aria-roledescription=\"slide\" aria-label=\"4 de 5\"><a data-elementor-open-lightbox=\"yes\" data-elementor-lightbox-slideshow=\"6da046a\" data-elementor-lightbox-title=\"-BRE2645--1-\" data-e-action-hash=\"#elementor-action%3Aaction%3Dlightbox%26settings%3DeyJpZCI6NDU1NSwidXJsIjoiaHR0cHM6XC9cL2NvbW11bmljYXJlYXNzZXNzb3JpYS5jb20uYnJcL2ltcHJlbnNhXC93cC1jb250ZW50XC91cGxvYWRzXC8yMDI2XC8wOVwvQlJFMjY0NS0xLS1zY2FsZWQuanBnIiwic2xpZGVzaG93IjoiNmRhMDQ2YSJ9\" href=\"https:\/\/communicareassessoria.com.br\/imprensa\/wp-content\/uploads\/2026\/09\/BRE2645-1--scaled.jpg\"><figure class=\"swiper-slide-inner\"><img decoding=\"async\" class=\"swiper-slide-image\" src=\"https:\/\/communicareassessoria.com.br\/imprensa\/wp-content\/uploads\/2026\/09\/BRE2645-1--150x150.jpg\" alt=\"-BRE2645--1-\" \/><\/figure><\/a><\/div><div class=\"swiper-slide\" role=\"group\" aria-roledescription=\"slide\" aria-label=\"5 de 5\"><a data-elementor-open-lightbox=\"yes\" data-elementor-lightbox-slideshow=\"6da046a\" data-elementor-lightbox-title=\"Holi-Creditos-Cristina-Pillegi-@cristinapillegi-1-3\" data-e-action-hash=\"#elementor-action%3Aaction%3Dlightbox%26settings%3DeyJpZCI6NDU1NiwidXJsIjoiaHR0cHM6XC9cL2NvbW11bmljYXJlYXNzZXNzb3JpYS5jb20uYnJcL2ltcHJlbnNhXC93cC1jb250ZW50XC91cGxvYWRzXC8yMDI2XC8wOVwvSG9saS1DcmVkaXRvcy1DcmlzdGluYS1QaWxsZWdpLUBjcmlzdGluYXBpbGxlZ2ktMS0zLmpwZyIsInNsaWRlc2hvdyI6IjZkYTA0NmEifQ%3D%3D\" href=\"https:\/\/communicareassessoria.com.br\/imprensa\/wp-content\/uploads\/2026\/09\/Holi-Creditos-Cristina-Pillegi-@cristinapillegi-1-3.jpg\"><figure class=\"swiper-slide-inner\"><img decoding=\"async\" class=\"swiper-slide-image\" src=\"https:\/\/communicareassessoria.com.br\/imprensa\/wp-content\/uploads\/2026\/09\/Holi-Creditos-Cristina-Pillegi-@cristinapillegi-1-3-150x150.jpg\" alt=\"Holi-Creditos-Cristina-Pillegi-@cristinapillegi-1-3\" \/><\/figure><\/a><\/div>\t\t\t<\/div>\n\t\t\t\t\t\t\t\t\t\t\t\t<div class=\"elementor-swiper-button elementor-swiper-button-prev\" role=\"button\" tabindex=\"0\">\n\t\t\t\t\t\t<svg aria-hidden=\"true\" class=\"e-font-icon-svg e-eicon-chevron-left\" viewBox=\"0 0 1000 1000\" xmlns=\"http:\/\/www.w3.org\/2000\/svg\"><path d=\"M646 125C629 125 613 133 604 142L308 442C296 454 292 471 292 487 292 504 296 521 308 533L604 854C617 867 629 875 646 875 663 875 679 871 692 858 704 846 713 829 713 812 713 796 708 779 692 767L438 487 692 225C700 217 708 204 708 187 708 171 704 154 692 142 675 129 663 125 646 125Z\"><\/path><\/svg>\t\t\t\t\t<\/div>\n\t\t\t\t\t<div class=\"elementor-swiper-button elementor-swiper-button-next\" role=\"button\" tabindex=\"0\">\n\t\t\t\t\t\t<svg aria-hidden=\"true\" class=\"e-font-icon-svg e-eicon-chevron-right\" viewBox=\"0 0 1000 1000\" xmlns=\"http:\/\/www.w3.org\/2000\/svg\"><path d=\"M696 533C708 521 713 504 713 487 713 471 708 454 696 446L400 146C388 133 375 125 354 125 338 125 325 129 313 142 300 154 292 171 292 187 292 204 296 221 308 233L563 492 304 771C292 783 288 800 288 817 288 833 296 850 308 863 321 871 338 875 354 875 371 875 388 867 400 854L696 533Z\"><\/path><\/svg>\t\t\t\t\t<\/div>\n\t\t\t\t\n\t\t\t\t\t\t\t\t\t<div class=\"swiper-pagination\"><\/div>\n\t\t\t\t\t\t\t\t\t<\/div>\n\t\t\t\t\t\t<\/div>\n\t\t\t\t<div class=\"elementor-element elementor-element-d894230 elementor-align-left elementor-mobile-align-center elementor-widget elementor-widget-button\" data-id=\"d894230\" data-element_type=\"widget\" data-e-type=\"widget\" data-widget_type=\"button.default\">\n\t\t\t\t\t\t\t\t\t\t<a class=\"elementor-button elementor-button-link elementor-size-sm\" href=\"https:\/\/communicareassessoria.com.br\/imprensa\/wp-content\/uploads\/2026\/02\/Moviecom-todos-TSC.pdf\" target=\"_blank\">\n\t\t\t\t\t\t<span class=\"elementor-button-content-wrapper\">\n\t\t\t\t\t\t\t\t\t<span class=\"elementor-button-text\">Acesse os arquivos de m\u00eddia<\/span>\n\t\t\t\t\t<\/span>\n\t\t\t\t\t<\/a>\n\t\t\t\t\t\t\t\t<\/div>\n\t\t\t\t\t<\/div>\n\t\t\t\t<\/div>\n\t\t\t\t<\/div>\n\t\t","protected":false},"excerpt":{"rendered":"<p>Evento gratuito acontece nos dias 12 e 13 de setembro, em Pindamonhangaba, com uma curadoria que mistura maracatu, mantras, m\u00fasica eletr\u00f4nica, espiritualidade e explos\u00f5es de cores Mantendo a vibra\u00e7\u00e3o que conquistou o p\u00fablico ao longo de sua hist\u00f3ria, o Holi Festival das Cores retorna \u00e0 Fazenda Nova Gokula, em Pindamonhangaba, nos dias 12 e 13 de setembro de 2026, com sua programa\u00e7\u00e3o mais colaborativa. O evento ter\u00e1 entrada gratuita e acontecer\u00e1 das 9h \u00e0s 18h.\u00a0 Realizado em Nova Gokula desde 2014, com uma \u00fanica pausa em 2020 devido \u00e0 pandemia, o festival chega \u00e0 sua 12\u00aa realiza\u00e7\u00e3o no local. Depois de receber um p\u00fablico rotativo de aproximadamente 6 mil pessoas em 2025, o Holi prepara neste ano uma estrutura dimensionada para receber at\u00e9 14 mil pessoas durante os dois dias.\u00a0 A uni\u00e3o, as cores, a espiritualidade e o encontro das fam\u00edlias continuam formando a ess\u00eancia do Holi. A grande novidade de 2026 est\u00e1 nas colabora\u00e7\u00f5es criadas especialmente para o festival, reunindo atra\u00e7\u00f5es e linguagens diferentes em apresenta\u00e7\u00f5es que ajudam a formar a curadoria da pr\u00f3xima turn\u00ea regional. \u201cReunimos as atra\u00e7\u00f5es que t\u00ednhamos \u00e0 disposi\u00e7\u00e3o e colocamos tudo em um grande caldeir\u00e3o, misturando linguagens musicais da mesma forma que misturamos as cores do festival. O resultado \u00e9 uma curadoria exclusiva, pensada para nascer em Nova Gokula e seguir conosco na pr\u00f3xima turn\u00ea\u201d, afirma Krishna Murari, produtor executivo do Holi e respons\u00e1vel pela curadoria art\u00edstica. Maracatu, mantras e uma mistura cultural \u00fanica Um dos momentos mais aguardados acontece na tarde de s\u00e1bado, quando o Maracatu Baque do Vale recebe Vrindavana, m\u00fasico e maestro do Mantracatu, que vem do Recife especialmente para participar do festival. Fundado em 2004, o Baque do Vale foi o primeiro grupo de maracatu do Vale do Para\u00edba e construiu uma trajet\u00f3ria dedicada \u00e0 pesquisa, \u00e0 preserva\u00e7\u00e3o e \u00e0 difus\u00e3o do maracatu de baque virado. No Holi, o grupo se encontra com a proposta inovadora de Vrindavana, que incorpora mantras \u00e0 for\u00e7a ancestral do maracatu. A colabora\u00e7\u00e3o promete uma explos\u00e3o de ritmos e refer\u00eancias, aproximando as ra\u00edzes pernambucanas da identidade cultural constru\u00edda pelo Baque do Vale na regi\u00e3o.\u00a0 Mais do que misturar estilos, o encontro pretende criar uma linguagem e uma interpreta\u00e7\u00e3o pr\u00f3prias, transformando o palco do Holi em um espa\u00e7o de interc\u00e2mbio entre tradi\u00e7\u00e3o, espiritualidade e inova\u00e7\u00e3o. Colabora\u00e7\u00f5es criadas para o Holi A Banda Flor das \u00c1guas e a Banda Mahamantra tamb\u00e9m ter\u00e3o apresenta\u00e7\u00f5es pr\u00f3prias no s\u00e1bado, com m\u00fasicas preparadas para serem executadas em conjunto durante a passagem entre os dois shows.\u00a0 No domingo, a Banda Mahamantra volta ao palco para um reencontro especial com o DJ Nandhyx. A colabora\u00e7\u00e3o j\u00e1 aconteceu anteriormente, mas retorna em 2026 com novos ensaios e uma produ\u00e7\u00e3o mais elaborada, unindo as caracter\u00edsticas da banda \u00e0 m\u00fasica eletr\u00f4nica para criar uma atmosfera envolvente, festiva e preparada para as explos\u00f5es de cores.\u00a0 O encerramento art\u00edstico do domingo ser\u00e1 marcado pelo encontro entre a banda A Tropa e Karana, m\u00fasico e compositor conhecido por \u201cGovinda Jaya Jaya\u201d, can\u00e7\u00e3o que ganhou interpreta\u00e7\u00e3o de Seu Jorge. A apresenta\u00e7\u00e3o encerra a programa\u00e7\u00e3o com a uni\u00e3o entre m\u00fasica brasileira, espiritualidade e celebra\u00e7\u00e3o coletiva. Programa\u00e7\u00e3o come\u00e7a com bem-estar e espiritualidade Antes das bandas e dos DJs, as manh\u00e3s ser\u00e3o dedicadas a pr\u00e1ticas de conex\u00e3o e bem-estar. A programa\u00e7\u00e3o inclui yoga, medita\u00e7\u00e3o, sound healing, dan\u00e7a circular e uma atra\u00e7\u00e3o cultural.\u00a0 As explos\u00f5es de cores come\u00e7am \u00e0s 11h e continuam durante todo o dia, acompanhando as diferentes fases da programa\u00e7\u00e3o. Programa\u00e7\u00e3o resumida S\u00c1BADO \u2014 12 DE SETEMBRO\u00a0 9:00 \u2013 Aula Coletiva de Kriya Yoga com Narayanam 9:40 \u2013 Medita\u00e7\u00e3o Guiada com Setukara Dasa 10:10 \u2013 Sound Healing com Matheus e Taraka 10:40 \u2013 Dan\u00e7a Circular (Flor Das Aguas) com Helena 11:20 \u2013 Flor das Aguas Bhakti Som (Banda) (primeiras explos\u00f5es de cores) 13:20 \u2013 Maha Mantra colab Bhakti Som (Banda) 14:00 \u2013 DJ Nandhyx 15:00 \u2013 \u201cDois Maestros e Um Bloco\u201d Fl\u00e1vio Jatoba (Baque do vale) Colab com Vrindavana (Mantracatu &#8211; Recife) 17:00 \u2013 DJ Jotap 18:00 \u2013 Fim do Evento\u00a0 DOMINGO \u2014 13 DE SETEMBRO\u00a0 9:00 \u2013 Aula Coletiva de Yoga com Daya 9:30 \u2013 Medita\u00e7\u00e3o Guiada com Setukara Dasa 10:00 \u2013 Atra\u00e7\u00e3o Cultural (definindo) 11:00 \u2013 Gokula Vasi (Banda) (primeiras explos\u00f5es de cores) 12:00 \u2013 Maha Mantra (Banda) 14:00 \u2013 Maha Mantra Colab Nandhyx 14:30 \u2013 DJ Nandhyx Long Set 16:00 \u2013 A Tropa Colab Karana 17:00 \u2013 A Tropa 18:00 \u2013 Fim do Evento\u00a0 Apoio p\u00fablico e fortalecimento cultural A edi\u00e7\u00e3o de 2026 conta com o apoio oficial da Prefeitura de Pindamonhangaba, por meio da \u00e1rea de Cultura e Turismo, e com recursos destinados atrav\u00e9s de emenda impositiva do vereador Gari Aben\u00e7oado.\u00a0 O apoio possibilitou ampliar a programa\u00e7\u00e3o, criar encontros art\u00edsticos especiais e preparar uma estrutura capaz de receber um p\u00fablico significativamente maior.\u00a0 \u201cMais do que a sensa\u00e7\u00e3o de dever cumprido, queremos terminar o domingo com o sentimento de prop\u00f3sito cumprido: ver o Holi alcan\u00e7ar outro patamar e se consolidar como um dos eventos mais importantes de Pindamonhangaba\u201d, destaca Krishna Murari. Podcasts, conte\u00fados e promo\u00e7\u00f5es Durante a campanha oficial, o p\u00fablico poder\u00e1 conhecer melhor as atra\u00e7\u00f5es por meio de uma s\u00e9rie de podcasts produzida com o apoio do Multifaceta.\u00a0 Os epis\u00f3dios ser\u00e3o publicados em colabora\u00e7\u00e3o pelos perfis @festivaldascores e @multifaceta.tv no Instagram, aproximando artistas e p\u00fablico antes do festival. A campanha tamb\u00e9m contar\u00e1 com promo\u00e7\u00f5es, conte\u00fados especiais e a\u00e7\u00f5es no Bazar Oficial do Holi.\u00a0 Entre os produtos estar\u00e3o os p\u00f3s coloridos oficiais, camisetas, souvenirs e os incensos com aromas m\u00e1gicos da Vila Zen. Estacionamento mais acess\u00edvel e solid\u00e1rio Uma das prioridades da produ\u00e7\u00e3o em 2026 foi reduzir os valores do estacionamento. O valor regular ser\u00e1 de R$ 35 para carros e R$ 25 para motos onibus e vans negociam direto com a produ\u00e7\u00e3o na central de d\u00favidas no site. Quem levar 1 kg de alimento para o Fundo Social de Solidariedade recebe R$ 10 de desconto. Ser\u00e3o aceitos alimentos n\u00e3o perec\u00edveis, exceto a\u00e7\u00facar e sal. Qualquer compra antecipada no site oficial, independentemente do valor, garante mais R$ 10 de desconto para um ve\u00edculo. O benef\u00edcio vale para a<\/p>\n","protected":false},"author":2,"featured_media":4555,"comment_status":"open","ping_status":"open","sticky":false,"template":"","format":"standard","meta":{"footnotes":""},"categories":[55],"tags":[133,114,192],"class_list":["post-4550","post","type-post","status-publish","format-standard","has-post-thumbnail","hentry","category-geral","tag-cultura","tag-festival","tag-musica"],"_links":{"self":[{"href":"https:\/\/communicareassessoria.com.br\/imprensa\/wp-json\/wp\/v2\/posts\/4550","targetHints":{"allow":["GET"]}}],"collection":[{"href":"https:\/\/communicareassessoria.com.br\/imprensa\/wp-json\/wp\/v2\/posts"}],"about":[{"href":"https:\/\/communicareassessoria.com.br\/imprensa\/wp-json\/wp\/v2\/types\/post"}],"author":[{"embeddable":true,"href":"https:\/\/communicareassessoria.com.br\/imprensa\/wp-json\/wp\/v2\/users\/2"}],"replies":[{"embeddable":true,"href":"https:\/\/communicareassessoria.com.br\/imprensa\/wp-json\/wp\/v2\/comments?post=4550"}],"version-history":[{"count":4,"href":"https:\/\/communicareassessoria.com.br\/imprensa\/wp-json\/wp\/v2\/posts\/4550\/revisions"}],"predecessor-version":[{"id":4559,"href":"https:\/\/communicareassessoria.com.br\/imprensa\/wp-json\/wp\/v2\/posts\/4550\/revisions\/4559"}],"wp:featuredmedia":[{"embeddable":true,"href":"https:\/\/communicareassessoria.com.br\/imprensa\/wp-json\/wp\/v2\/media\/4555"}],"wp:attachment":[{"href":"https:\/\/communicareassessoria.com.br\/imprensa\/wp-json\/wp\/v2\/media?parent=4550"}],"wp:term":[{"taxonomy":"category","embeddable":true,"href":"https:\/\/communicareassessoria.com.br\/imprensa\/wp-json\/wp\/v2\/categories?post=4550"},{"taxonomy":"post_tag","embeddable":true,"href":"https:\/\/communicareassessoria.com.br\/imprensa\/wp-json\/wp\/v2\/tags?post=4550"}],"curies":[{"name":"wp","href":"https:\/\/api.w.org\/{rel}","templated":true}]}}